{"id":1076,"date":"2018-06-04T17:28:37","date_gmt":"2018-06-04T17:28:37","guid":{"rendered":"http:\/\/c2.usac.edu.gt\/cedesyd\/public_html\/?p=1076"},"modified":"2021-02-09T17:37:18","modified_gmt":"2021-02-09T23:37:18","slug":"boletin-informativo-especial-erupcionon-volcan-de-fuego-no-201801","status":"publish","type":"post","link":"https:\/\/cedesyd.usac.edu.gt\/index.php\/2018\/06\/04\/boletin-informativo-especial-erupcionon-volcan-de-fuego-no-201801\/","title":{"rendered":"Bolet\u00edn Informativo Especial Erupci\u00f3n\u00f3n Volc\u00e1n de Fuego No. 2018\/01"},"content":{"rendered":"<p>&nbsp;<\/p>\n<p style=\"text-align: center;\">\n<p style=\"text-align: center;\"><strong>Bolet\u00edn Informativo Especial Erupci\u00f3n\u00f3n Volc\u00e1n de Fuego No. 2018\/01<\/strong><\/p>\n<p style=\"text-align: center;\">\n<p style=\"text-align: center;\"><strong>Bolet\u00edn Informativo Especial No. 2018\/01<\/strong><\/p>\n<p style=\"text-align: center;\"><strong>CEDESYD 04\/06\/2018<\/strong><\/p>\n<p style=\"text-align: center;\"><strong>Emergencia Erupci\u00f3n\u00f3n Volc\u00e1n de Fuego<\/strong><\/p>\n<p>&nbsp;<\/p>\n<p>El&nbsp; Consejo&nbsp; de&nbsp; Desarrollo&nbsp; Seguro&nbsp; y&nbsp; Desastres&nbsp; de&nbsp; la&nbsp; Universidad&nbsp; de&nbsp; San&nbsp; Carlos&nbsp; de Guatemala,&nbsp; a&nbsp; trav\u00e9s&nbsp; del&nbsp; Centro&nbsp; de&nbsp; Estudios&nbsp; de&nbsp; Desarrollo&nbsp; Seguro&nbsp; y&nbsp; Desastres &nbsp;informa&nbsp; a&nbsp; la&nbsp; comunidad&nbsp; universitaria&nbsp; que&nbsp; en&nbsp; base&nbsp; a &nbsp;informaci\u00f3n&nbsp; emitida&nbsp; por&nbsp; la CONRED el d\u00eda de ayer desde horas de la ma\u00f1ana la regi\u00f3n sur occidente del pa\u00eds se vio afectada por la segunda erupci\u00f3n del a\u00f1o del Volc\u00e1n de Fuego catalogada como la m\u00e1s fuerte de la historia, &nbsp;Al momento los datos oficiales indican 65 Incidentes Atendidos, 1, 702, 130 Personas afectadas, 3, 265 Personas atendidas, 46 Personas heridas, 3 265 Personas evacuadas, 1, 689 Personas albergadas, y el lamentable saldo de 25 Personas fallecidas\u200b, en lo que respecta a datos de Infraestructura\u200b, 1 Aeropuerto afectado, 2 Redes de energ\u00eda afectadas, 1 Puente destruido, No se tiene datos a\u00fan del n\u00famero de personas desaparecidas aun se realizan actividades de b\u00fasqueda y rescate. Se han habilitado 3 albergues en Escuintla: Sal\u00f3n Municipal, Instituto Sim\u00f3n Berga\u00f1o y Villegas y Sal\u00f3n Municipal de Santa Luc\u00eda Cotzumalguapa.<\/p>\n<p>Datos de personas albergadas:<\/p>\n<p>600 Personas Albergadas en el sal\u00f3n municipal del municipio de Escuintla, Escuintla<\/p>\n<p>200&nbsp;Personas Albergadas en el Instituto Simpon Berga\u00f1o y Villegas del municipio de<\/p>\n<p>Escuintla, Escuintla<\/p>\n<p>65&nbsp;&nbsp;Personas Albergadas en Industria del municipio de Escuintla, Escuintla<\/p>\n<p>\u200b169&nbsp;Personas Albergadas en el Guadalupe del municipio de Escuintla, Escuintla&nbsp;\u200b<\/p>\n<p>\u200b64&nbsp;Personas Albergadas en Escuela modelo del municipio de Escuintla, Escuintla&nbsp;\u200b<\/p>\n<p>\u200b113&nbsp;Personas Albergadas en EBENEZER del municipio de Escuintla, Escuintla&nbsp;\u200b<\/p>\n<p>\u200b75&nbsp;Personas Albergadas en CUM SUR del municipio de Escuintla, Escuintla&nbsp;\u200b<\/p>\n<p>\u200b85&nbsp;Personas Albergadas en CONACASTE del municipio de Escuintla, Escuintla&nbsp;\u200b<\/p>\n<p>\u200b43&nbsp;Personas Albergadas en Instituto Nacional Mar\u00eda Josefa Rosado Lara del municipio de Escuintla, Escuintla&nbsp;\u200b<\/p>\n<p>275&nbsp;&nbsp;Personas Albergadas en Escuela M\u00e9ndez Montenegro&nbsp; del municipio de Escuintla, Escuintla,&nbsp; Sumando un total de 1689 Personas Albergadas\u200b.<\/p>\n<p>&nbsp;<\/p>\n<p>Como universidad desde el d\u00eda de ayer por medio del CEDESYD se han puesto a la disposici\u00f3n de la CONRED personal humano t\u00e9cnico y profesional y se &nbsp;han coordinado acciones de voluntariado t\u00e9cnico en temas de levantamiento de Evaluaci\u00f3n de Da\u00f1os y An\u00e1lisis de Necesidades (EDAN), los que se encuentran en apresto, para intervenir cuando el Sistema lo requiera. Adicional, se ha coordinado con grupos de voluntariado en asistencia m\u00e9dica, siempre a trav\u00e9s del Sistema.<\/p>\n<p>&nbsp;<\/p>\n<p>Se han habilitado dos centros de acopio de ayuda humanitaria, los que est\u00e1n localizados a un costado del edificio de Rector\u00eda en el Campus Central, zona 12 y el Paraninfo Universitario en la zona 1, adicionalmente los unidades acad\u00e9micas en coordinaci\u00f3n con el CEDESYD, han puesto a su disposici\u00f3n otros centros para recolecci\u00f3n de ayuda humanitaria. Esta ayuda ser\u00e1 conducida a los centros de acopio oficialmente establecidos por la CONRED en los departamentos de Escuintla, Chimaltenango y Sacatep\u00e9quez.<\/p>\n<p>Se hace un llamado a la calma a todos sectores, seguir las indicaciones emitidas por los medios oficiales, evitar esparcir rumores.<\/p>\n<p>&nbsp;<\/p>\n<p>El Centro de Estudios de Desarrollo Seguro y Desastres mantendr\u00e1 monitoreo constante de la informaci\u00f3n que emitan las autoridades de emergencia del pa\u00eds, de la informaci\u00f3n que emitan los Centros Regionales y mantendr\u00e1 informada a la comunidad universitaria de las disposiciones que se emitan por los medios oficiales, as\u00ed como la actualizaci\u00f3n de nuestras redes&nbsp; sociales&nbsp; http:\/\/facebook.com\/cedesyd&nbsp; o&nbsp; por&nbsp; nuestra&nbsp; portal&nbsp; web <a href=\"http:\/\/sitios.usac.edu.gt\/cedesyd\/\">http:\/\/sitios.usac.edu.gt\/cedesyd\/<\/a>.<\/p>\n<p>&nbsp;<\/p>\n<p><img loading=\"lazy\" decoding=\"async\" class=\"aligncenter size-large wp-image-1080\" src=\"http:\/\/c2.usac.edu.gt\/cedesyd\/public_html\/wp-content\/uploads\/2018\/06\/WhatsApp-Image-2018-06-04-at-9.34.55-AM-1024x575.jpeg\" alt=\"WhatsApp Image 2018-06-04 at 9.34.55 AM\" width=\"620\" height=\"348\" srcset=\"https:\/\/cedesyd.usac.edu.gt\/wp-content\/uploads\/2018\/06\/WhatsApp-Image-2018-06-04-at-9.34.55-AM-1024x575.jpeg 1024w, https:\/\/cedesyd.usac.edu.gt\/wp-content\/uploads\/2018\/06\/WhatsApp-Image-2018-06-04-at-9.34.55-AM-300x168.jpeg 300w, https:\/\/cedesyd.usac.edu.gt\/wp-content\/uploads\/2018\/06\/WhatsApp-Image-2018-06-04-at-9.34.55-AM-768x431.jpeg 768w, https:\/\/cedesyd.usac.edu.gt\/wp-content\/uploads\/2018\/06\/WhatsApp-Image-2018-06-04-at-9.34.55-AM.jpeg 1040w\" sizes=\"auto, (max-width: 620px) 100vw, 620px\" \/><\/p>\n<p>&nbsp;<\/p>\n<p>&nbsp;<\/p>\n<p>Link de Deescarga:&nbsp;<a href=\"http:\/\/c2.usac.edu.gt\/cedesyd\/public_html\/wp-content\/uploads\/2018\/06\/Bolet\u00edn-Informativo-Especial-Erupci\u00f3n\u00f3n-Volc\u00e1n-de-Fuego-No.pdf\" rel=\"\">Bolet\u00edn Informativo Especial Erupci\u00f3n\u00f3n Volc\u00e1n de Fuego No<\/a><\/p>\n<p>&nbsp;<\/p>\n<p>&nbsp;<\/p>\n<p>&nbsp;<\/p>\n<p>&nbsp;<\/p>\n<p>&nbsp;<\/p>\n<p>&nbsp;<\/p>\n<p style=\"text-align: center;\"><strong>Id y ense\u00f1ad a todos.<\/strong><\/p>\n<p>&nbsp;<\/p>\n<p>&nbsp;<\/p>\n<p>&nbsp;<\/p>\n","protected":false},"excerpt":{"rendered":"<p>&nbsp; Bolet\u00edn Informativo Especial Erupci\u00f3n\u00f3n Volc\u00e1n de Fuego No. 2018\/01 Bolet\u00edn Informativo Especial No. 2018\/01 CEDESYD 04\/06\/2018 Emergencia Erupci\u00f3n\u00f3n Volc\u00e1n de Fuego &nbsp; El&nbsp; Consejo&nbsp; de&nbsp; Desarrollo&nbsp; Seguro&nbsp; y&nbsp; Desastres&nbsp; de&nbsp; la&nbsp; Universidad&nbsp; de&nbsp; San&nbsp; Carlos&nbsp; de Guatemala,&nbsp; a&nbsp; trav\u00e9s&nbsp; del&nbsp; Centro&nbsp; de&nbsp; Estudios&nbsp; de&nbsp; Desarrollo&nbsp; Seguro&nbsp; y&nbsp; Desastres &nbsp;informa&nbsp; a&nbsp; la&nbsp; comunidad&nbsp; universitaria&nbsp; que&nbsp; [&hellip;]<\/p>\n","protected":false},"author":1,"featured_media":1079,"comment_status":"open","ping_status":"open","sticky":false,"template":"","format":"standard","meta":{"footnotes":""},"categories":[94],"tags":[],"class_list":{"0":"post-1076","1":"post","2":"type-post","3":"status-publish","4":"format-standard","5":"has-post-thumbnail","7":"category-boletines-especiales","8":"czr-hentry"},"_links":{"self":[{"href":"https:\/\/cedesyd.usac.edu.gt\/index.php\/wp-json\/wp\/v2\/posts\/1076","targetHints":{"allow":["GET"]}}],"collection":[{"href":"https:\/\/cedesyd.usac.edu.gt\/index.php\/wp-json\/wp\/v2\/posts"}],"about":[{"href":"https:\/\/cedesyd.usac.edu.gt\/index.php\/wp-json\/wp\/v2\/types\/post"}],"author":[{"embeddable":true,"href":"https:\/\/cedesyd.usac.edu.gt\/index.php\/wp-json\/wp\/v2\/users\/1"}],"replies":[{"embeddable":true,"href":"https:\/\/cedesyd.usac.edu.gt\/index.php\/wp-json\/wp\/v2\/comments?post=1076"}],"version-history":[{"count":3,"href":"https:\/\/cedesyd.usac.edu.gt\/index.php\/wp-json\/wp\/v2\/posts\/1076\/revisions"}],"predecessor-version":[{"id":1396,"href":"https:\/\/cedesyd.usac.edu.gt\/index.php\/wp-json\/wp\/v2\/posts\/1076\/revisions\/1396"}],"wp:featuredmedia":[{"embeddable":true,"href":"https:\/\/cedesyd.usac.edu.gt\/index.php\/wp-json\/wp\/v2\/media\/1079"}],"wp:attachment":[{"href":"https:\/\/cedesyd.usac.edu.gt\/index.php\/wp-json\/wp\/v2\/media?parent=1076"}],"wp:term":[{"taxonomy":"category","embeddable":true,"href":"https:\/\/cedesyd.usac.edu.gt\/index.php\/wp-json\/wp\/v2\/categories?post=1076"},{"taxonomy":"post_tag","embeddable":true,"href":"https:\/\/cedesyd.usac.edu.gt\/index.php\/wp-json\/wp\/v2\/tags?post=1076"}],"curies":[{"name":"wp","href":"https:\/\/api.w.org\/{rel}","templated":true}]}}