{"id":1109,"date":"2018-08-03T16:50:46","date_gmt":"2018-08-03T16:50:46","guid":{"rendered":"http:\/\/c2.usac.edu.gt\/cedesyd\/public_html\/?p=1109"},"modified":"2019-03-06T20:30:12","modified_gmt":"2019-03-06T20:30:12","slug":"sensibilizacion-secretarios-adjuntos-de-la-universidad-de-san-carlos-de-guatemala","status":"publish","type":"post","link":"https:\/\/cedesyd.usac.edu.gt\/index.php\/2018\/08\/03\/sensibilizacion-secretarios-adjuntos-de-la-universidad-de-san-carlos-de-guatemala\/","title":{"rendered":"Sensibilizaci\u00f3n Secretarios Adjuntos de la  Universidad de San Carlos de Guatemala"},"content":{"rendered":"<p>En el marco de la reuni\u00f3n mensual del Consejo\u00a0 Secretarios Adjuntos de las diferentes unidades acad\u00e9micas de la Universidad de San Carlos de Guatemala <a href=\"https:\/\/www.usac.edu.gt\/\">USAC<\/a>, el Centro de Estudio de Desarrollo Seguro y Desastres\u00a0 <a href=\"https:\/\/cedesyd.usac.edu.gt\/\">CEDESYD<\/a>, realiz\u00f3 una presentaci\u00f3n con el objetivo de concientizar a dichas autoridades de la importancia de su rol e incidencia en el proceso de la gesti\u00f3n del riesgo de desastres y en la \u00a0promoci\u00f3n de \u00a0una cultura de seguridad y resiliencia. Para ello se realiz\u00f3 una presentaci\u00f3n audiovisual de las Buenas Pr\u00e1cticas de Gesti\u00f3n del Riesgo que se han realizado en las distintas unidades acad\u00e9micas, y a la vez se proporcionaron las recomendaciones para apoyar el Simulacro General de la USAC 2018.<\/p>\n<p>Adem\u00e1s se invit\u00f3 a los Secretarios Adjuntos a tener una comunicaci\u00f3n directa y efectiva, as\u00ed como tambi\u00e9n a convertir \u00a0la tem\u00e1tica de desarrollo seguro en una prioridad en sus agendas de trabajo, que desde su campo de acci\u00f3n puedan incentivar el apoyo y brindar \u00a0las herramientas necesarias a sus representantes en el Consejo\u00a0 Coordinador de Desarrollo Seguro y Desastres \u2013CCODESYD-,\u00a0 de esta forma contribuir en el desarrollo de procesos que al interior de la misma instituci\u00f3n se fortalezcan y den como resultado el desarrollo integral\u00a0 y seguro ante desastres en beneficio de la comunidad universitaria y la poblaci\u00f3n guatemalteca.<\/p>\n<figure style=\"width: 620px\" class=\"wp-caption aligncenter\"><img loading=\"lazy\" decoding=\"async\" class=\"size-large wp-image-1110\" src=\"http:\/\/c2.usac.edu.gt\/cedesyd\/public_html\/wp-content\/uploads\/2018\/08\/WhatsApp-Image-2018-08-02-at-3.54.30-PM-1024x768.jpeg\" alt=\"Msc.Arq. Axel velazques \" width=\"620\" height=\"465\" srcset=\"https:\/\/cedesyd.usac.edu.gt\/wp-content\/uploads\/2018\/08\/WhatsApp-Image-2018-08-02-at-3.54.30-PM-1024x768.jpeg 1024w, https:\/\/cedesyd.usac.edu.gt\/wp-content\/uploads\/2018\/08\/WhatsApp-Image-2018-08-02-at-3.54.30-PM-300x225.jpeg 300w, https:\/\/cedesyd.usac.edu.gt\/wp-content\/uploads\/2018\/08\/WhatsApp-Image-2018-08-02-at-3.54.30-PM-768x576.jpeg 768w, https:\/\/cedesyd.usac.edu.gt\/wp-content\/uploads\/2018\/08\/WhatsApp-Image-2018-08-02-at-3.54.30-PM.jpeg 1280w\" sizes=\"auto, (max-width: 620px) 100vw, 620px\" \/><figcaption class=\"wp-caption-text\">Msc.Arq. Axel Estuardo Vel\u00e1zques e Ing.Agr.\u00a0 Raul Gabriel Vargas, Reuni\u00f3n de Consejo de Secretarios Adjuntos USAC. (Fotograf\u00eda Angela Barrera de Gir\u00f3n)<\/figcaption><\/figure>\n<p>&nbsp;<\/p>\n<p>El CEDESYD trabaja dentro de la USAC apoyado directamente del CCODESYD, en el cual hay un enlace titular y un enlace suplente de cada unidad acad\u00e9mica de cada dependencia y de cada centro universitario.\u00a0 Es as\u00ed como se puede canalizar toda la informaci\u00f3n para ir educando y concientizando a la comunidad estudiantil sancarlista.<\/p>\n<p>&nbsp;<\/p>\n<p>&nbsp;<\/p>\n<p>&nbsp;<\/p>\n<p>Escrito por: Angela Barrera de Gir\u00f3n.<\/p>\n<p>Revisado por: Lic. Hugo David Arbiz\u00fa Arrecis.<\/p>\n<p>&nbsp;<\/p>\n","protected":false},"excerpt":{"rendered":"<p>En el marco de la reuni\u00f3n mensual del Consejo\u00a0 Secretarios Adjuntos de las diferentes unidades acad\u00e9micas de la Universidad de San Carlos de Guatemala USAC, el Centro de Estudio de Desarrollo Seguro y Desastres\u00a0 CEDESYD, realiz\u00f3 una presentaci\u00f3n con el objetivo de concientizar a dichas autoridades de la importancia de su rol e incidencia en [&hellip;]<\/p>\n","protected":false},"author":1,"featured_media":1110,"comment_status":"open","ping_status":"open","sticky":false,"template":"","format":"standard","meta":{"footnotes":""},"categories":[1],"tags":[86,83,16,23,85,54,84,64],"class_list":{"0":"post-1109","1":"post","2":"type-post","3":"status-publish","4":"format-standard","5":"has-post-thumbnail","7":"category-noticias","8":"tag-arbizu","9":"tag-ccodesyd","10":"tag-cedesyd","11":"tag-desastres","12":"tag-hugo","13":"tag-riesgo","14":"tag-sensibilizacion","15":"tag-usac","16":"czr-hentry"},"_links":{"self":[{"href":"https:\/\/cedesyd.usac.edu.gt\/index.php\/wp-json\/wp\/v2\/posts\/1109","targetHints":{"allow":["GET"]}}],"collection":[{"href":"https:\/\/cedesyd.usac.edu.gt\/index.php\/wp-json\/wp\/v2\/posts"}],"about":[{"href":"https:\/\/cedesyd.usac.edu.gt\/index.php\/wp-json\/wp\/v2\/types\/post"}],"author":[{"embeddable":true,"href":"https:\/\/cedesyd.usac.edu.gt\/index.php\/wp-json\/wp\/v2\/users\/1"}],"replies":[{"embeddable":true,"href":"https:\/\/cedesyd.usac.edu.gt\/index.php\/wp-json\/wp\/v2\/comments?post=1109"}],"version-history":[{"count":3,"href":"https:\/\/cedesyd.usac.edu.gt\/index.php\/wp-json\/wp\/v2\/posts\/1109\/revisions"}],"predecessor-version":[{"id":1113,"href":"https:\/\/cedesyd.usac.edu.gt\/index.php\/wp-json\/wp\/v2\/posts\/1109\/revisions\/1113"}],"wp:featuredmedia":[{"embeddable":true,"href":"https:\/\/cedesyd.usac.edu.gt\/index.php\/wp-json\/wp\/v2\/media\/1110"}],"wp:attachment":[{"href":"https:\/\/cedesyd.usac.edu.gt\/index.php\/wp-json\/wp\/v2\/media?parent=1109"}],"wp:term":[{"taxonomy":"category","embeddable":true,"href":"https:\/\/cedesyd.usac.edu.gt\/index.php\/wp-json\/wp\/v2\/categories?post=1109"},{"taxonomy":"post_tag","embeddable":true,"href":"https:\/\/cedesyd.usac.edu.gt\/index.php\/wp-json\/wp\/v2\/tags?post=1109"}],"curies":[{"name":"wp","href":"https:\/\/api.w.org\/{rel}","templated":true}]}}