{"id":136,"date":"2014-01-30T20:58:32","date_gmt":"2014-01-30T20:58:32","guid":{"rendered":"http:\/\/sitios.usac.edu.gt\/cedesyd\/?p=136"},"modified":"2014-01-30T20:58:32","modified_gmt":"2014-01-30T20:58:32","slug":"formacion-de-capacidades-en-reduccion-de-riesgo-a-desastres-a-epesistas-de-veterinaria","status":"publish","type":"post","link":"https:\/\/cedesyd.usac.edu.gt\/index.php\/2014\/01\/30\/formacion-de-capacidades-en-reduccion-de-riesgo-a-desastres-a-epesistas-de-veterinaria\/","title":{"rendered":"Formaci\u00f3n de Capacidades en Reducci\u00f3n de Riesgo a Desastres a Epesistas de Veterinaria."},"content":{"rendered":"<p style=\"text-align: justify;\">El d\u00eda mi\u00e9rcoles 29 de enero del 2014 personal del Centro de Estudios de Desarrollo Seguro y Desastres (CEDESYD), de la Direcci\u00f3n General de Extensi\u00f3n Universitaria (DIGEU) capacit\u00f3 a 34 estudiantes epesistas de la Facultad de Veterinaria; dicha actividad se realiz\u00f3 con el objetivo de fortalecer las capacidades de respuesta y<!--more--> los conocimientos en la tem\u00e1tica de Gesti\u00f3n del Riesgo y Reducci\u00f3n de Desastres enfocado a brindar herramientas de acci\u00f3n a estudiantes \u00a0en el entorno comunitario, as\u00ed como la capacidad de identificar las amenazas que los rodean y que puedan proponer ideas para transformar los entornos vulnerables a los cuales se enfrentaran, en dicha capacitaci\u00f3n se abord\u00f3 \u00a0la siguiente tem\u00e1tica: \u00a0Clasificaci\u00f3n de las Amenazas y Conceptualizaci\u00f3n b\u00e1sica de la Teor\u00eda del Riesgo expuesto por el Licenciado Hugo Arbiz\u00fa; Cuarenta Minutos y Listo por un Aula Segura (Preparaci\u00f3n ante terremotos) impartido por el Ingeniero Ra\u00fal Gabriel Vargas, \u00a0Gesti\u00f3n para la Reducci\u00f3n de Riesgos a Desastres a Nivel Comunitario por la Ingeniera Pamela Mej\u00eda y Primeros Auxilios impartido por el Doctor Sergio Rivas. La universidad de San Carlos de Guatemala a trav\u00e9s de los Estudiantes del Ejercicio Profesional Supervisado de las distintas carreras que se imparten en esta casa de estudios, llega a las poblaciones del interior del pa\u00eds que se encuentran en los lugares m\u00e1s apartados y de dif\u00edcil acceso, as\u00ed como tambi\u00e9n a grandes centros de poblados de los municipios y departamentos, siendo entonces un gran recurso humano que puede estar al servicio de la poblaci\u00f3n especialmente en el campo de la prevenci\u00f3n, y cuando se presenten, en atenci\u00f3n de los desastres que frecuentemente afectan Guatemala. En ese sentido en su labor de extensi\u00f3n hacia las comunidades del pa\u00eds, estos 34 epesistas de la Facultad de Veterinaria, tambi\u00e9n fueron dotados de material educativo digital que incluye videos y documentos, as\u00ed como de material f\u00edsico a trav\u00e9s de afiches de prevenci\u00f3n en caso de terremotos e incendios, los cuales podr\u00e1n disponer en las municipalidades y escuelas del \u00e1rea de influencia de su ejercicio profesional supervisado.<\/p>\n<p style=\"text-align: justify;\">\u00a0 Por una\u00a0 Universidad Segura, Reduciendo el Riesgo a Desastres.<\/p>\n<figure id=\"attachment_137\" aria-describedby=\"caption-attachment-137\" style=\"width: 620px\" class=\"wp-caption aligncenter\"><a href=\"http:\/\/c2.usac.edu.gt\/cedesyd\/public_html\/wp-content\/uploads\/2014\/01\/20140129_115625.jpg\"><img loading=\"lazy\" decoding=\"async\" class=\"size-large wp-image-137\" title=\"Fotografia de grupo epesistas Facultad de  Veterinaria\" alt=\"Fotografia de grupo epesistas Facultad de  Veterinaria\" src=\"http:\/\/c2.usac.edu.gt\/cedesyd\/public_html\/wp-content\/uploads\/2014\/01\/20140129_115625-1024x768.jpg\" width=\"620\" height=\"465\" srcset=\"https:\/\/cedesyd.usac.edu.gt\/wp-content\/uploads\/2014\/01\/20140129_115625-1024x768.jpg 1024w, https:\/\/cedesyd.usac.edu.gt\/wp-content\/uploads\/2014\/01\/20140129_115625-300x225.jpg 300w, https:\/\/cedesyd.usac.edu.gt\/wp-content\/uploads\/2014\/01\/20140129_115625-768x576.jpg 768w, https:\/\/cedesyd.usac.edu.gt\/wp-content\/uploads\/2014\/01\/20140129_115625-1200x900.jpg 1200w\" sizes=\"auto, (max-width: 620px) 100vw, 620px\" \/><\/a><figcaption id=\"caption-attachment-137\" class=\"wp-caption-text\">Fotografia de grupo epesistas Facultad de Veterinaria<\/figcaption><\/figure>\n<figure id=\"attachment_139\" aria-describedby=\"caption-attachment-139\" style=\"width: 620px\" class=\"wp-caption aligncenter\"><a href=\"http:\/\/c2.usac.edu.gt\/cedesyd\/public_html\/wp-content\/uploads\/2014\/01\/20140129_093316.jpg\"><img loading=\"lazy\" decoding=\"async\" class=\"size-large wp-image-139 \" alt=\"Ing. Pamela Mejia,  Gesti\u00f3n para la Reducci\u00f3n de Riesgos a Desastres a  Nivel Comunitario\" src=\"http:\/\/c2.usac.edu.gt\/cedesyd\/public_html\/wp-content\/uploads\/2014\/01\/20140129_093316-1024x768.jpg\" width=\"620\" height=\"465\" srcset=\"https:\/\/cedesyd.usac.edu.gt\/wp-content\/uploads\/2014\/01\/20140129_093316-1024x768.jpg 1024w, https:\/\/cedesyd.usac.edu.gt\/wp-content\/uploads\/2014\/01\/20140129_093316-300x225.jpg 300w, https:\/\/cedesyd.usac.edu.gt\/wp-content\/uploads\/2014\/01\/20140129_093316-768x576.jpg 768w, https:\/\/cedesyd.usac.edu.gt\/wp-content\/uploads\/2014\/01\/20140129_093316-1200x900.jpg 1200w\" sizes=\"auto, (max-width: 620px) 100vw, 620px\" \/><\/a><figcaption id=\"caption-attachment-139\" class=\"wp-caption-text\">Ing. Pamela Mej\u00eda, Gesti\u00f3n para la Reducci\u00f3n de Riesgos a Desastres a Nivel Comunitario<\/figcaption><\/figure>\n<figure id=\"attachment_140\" aria-describedby=\"caption-attachment-140\" style=\"width: 620px\" class=\"wp-caption aligncenter\"><a href=\"http:\/\/c2.usac.edu.gt\/cedesyd\/public_html\/wp-content\/uploads\/2014\/01\/20140129_103810.jpg\"><img loading=\"lazy\" decoding=\"async\" class=\"size-large wp-image-140   \" alt=\"Ing. Agr Ra\u00fal Gabriel Vargas,  40 Minutos y Listo por un Aula Segura\" src=\"http:\/\/c2.usac.edu.gt\/cedesyd\/public_html\/wp-content\/uploads\/2014\/01\/20140129_103810-1024x768.jpg\" width=\"620\" height=\"465\" srcset=\"https:\/\/cedesyd.usac.edu.gt\/wp-content\/uploads\/2014\/01\/20140129_103810-1024x768.jpg 1024w, https:\/\/cedesyd.usac.edu.gt\/wp-content\/uploads\/2014\/01\/20140129_103810-300x225.jpg 300w, https:\/\/cedesyd.usac.edu.gt\/wp-content\/uploads\/2014\/01\/20140129_103810-768x576.jpg 768w, https:\/\/cedesyd.usac.edu.gt\/wp-content\/uploads\/2014\/01\/20140129_103810-1200x900.jpg 1200w\" sizes=\"auto, (max-width: 620px) 100vw, 620px\" \/><\/a><figcaption id=\"caption-attachment-140\" class=\"wp-caption-text\">Ing. Agr Ra\u00fal Gabriel Vargas, 40 Minutos y Listo por un Aula Segura<\/figcaption><\/figure>\n<figure id=\"attachment_141\" aria-describedby=\"caption-attachment-141\" style=\"width: 620px\" class=\"wp-caption aligncenter\"><a href=\"http:\/\/c2.usac.edu.gt\/cedesyd\/public_html\/wp-content\/uploads\/2014\/01\/20140129_082037.jpg\"><img loading=\"lazy\" decoding=\"async\" class=\"size-large wp-image-141 \" alt=\"Dr. Sergio Rivas,  Primeros Auxilios\" src=\"http:\/\/c2.usac.edu.gt\/cedesyd\/public_html\/wp-content\/uploads\/2014\/01\/20140129_082037-1024x768.jpg\" width=\"620\" height=\"465\" srcset=\"https:\/\/cedesyd.usac.edu.gt\/wp-content\/uploads\/2014\/01\/20140129_082037-1024x768.jpg 1024w, https:\/\/cedesyd.usac.edu.gt\/wp-content\/uploads\/2014\/01\/20140129_082037-300x225.jpg 300w, https:\/\/cedesyd.usac.edu.gt\/wp-content\/uploads\/2014\/01\/20140129_082037-768x576.jpg 768w, https:\/\/cedesyd.usac.edu.gt\/wp-content\/uploads\/2014\/01\/20140129_082037-1200x900.jpg 1200w\" sizes=\"auto, (max-width: 620px) 100vw, 620px\" \/><\/a><figcaption id=\"caption-attachment-141\" class=\"wp-caption-text\">Dr. Sergio Rivas, Primeros Auxilios<\/figcaption><\/figure>\n<figure id=\"attachment_138\" aria-describedby=\"caption-attachment-138\" style=\"width: 800px\" class=\"wp-caption aligncenter\"><a href=\"http:\/\/c2.usac.edu.gt\/cedesyd\/public_html\/wp-content\/uploads\/2014\/01\/IMG-20140130-WA0000.jpg\"><img loading=\"lazy\" decoding=\"async\" class=\"size-full wp-image-138\" alt=\"Lic. Hugo Arbiz\u00fa, Clasificaci\u00f3n de las Amenazas y Conceptualizaci\u00f3n b\u00e1sica de la Teor\u00eda del Riesgo\" src=\"http:\/\/c2.usac.edu.gt\/cedesyd\/public_html\/wp-content\/uploads\/2014\/01\/IMG-20140130-WA0000.jpg\" width=\"800\" height=\"450\" srcset=\"https:\/\/cedesyd.usac.edu.gt\/wp-content\/uploads\/2014\/01\/IMG-20140130-WA0000.jpg 800w, https:\/\/cedesyd.usac.edu.gt\/wp-content\/uploads\/2014\/01\/IMG-20140130-WA0000-300x169.jpg 300w, https:\/\/cedesyd.usac.edu.gt\/wp-content\/uploads\/2014\/01\/IMG-20140130-WA0000-768x432.jpg 768w\" sizes=\"auto, (max-width: 800px) 100vw, 800px\" \/><\/a><figcaption id=\"caption-attachment-138\" class=\"wp-caption-text\">Lic. Hugo Arbiz\u00fa, Clasificaci\u00f3n de las Amenazas y Conceptualizaci\u00f3n b\u00e1sica de la Teor\u00eda del Riesgo<\/figcaption><\/figure>\n<p>&nbsp;<\/p>\n<p>&nbsp;<\/p>\n<p><em>actualizaci\u00f3n web \u00a0Lic Hugo Arbizu<\/em><\/p>\n","protected":false},"excerpt":{"rendered":"<p>El d\u00eda mi\u00e9rcoles 29 de enero del 2014 personal del Centro de Estudios de Desarrollo Seguro y Desastres (CEDESYD), de la Direcci\u00f3n General de Extensi\u00f3n Universitaria (DIGEU) capacit\u00f3 a 34 estudiantes epesistas de la Facultad de Veterinaria; dicha actividad se realiz\u00f3 con el objetivo de fortalecer las capacidades de respuesta y<\/p>\n","protected":false},"author":1,"featured_media":137,"comment_status":"open","ping_status":"open","sticky":false,"template":"","format":"standard","meta":{"footnotes":""},"categories":[1],"tags":[15,16,24,28,30,66],"class_list":{"0":"post-136","1":"post","2":"type-post","3":"status-publish","4":"format-standard","5":"has-post-thumbnail","7":"category-noticias","8":"tag-capacitacion","9":"tag-cedesyd","10":"tag-digeu","11":"tag-eps","12":"tag-extension","13":"tag-veterinaria","14":"czr-hentry"},"_links":{"self":[{"href":"https:\/\/cedesyd.usac.edu.gt\/index.php\/wp-json\/wp\/v2\/posts\/136","targetHints":{"allow":["GET"]}}],"collection":[{"href":"https:\/\/cedesyd.usac.edu.gt\/index.php\/wp-json\/wp\/v2\/posts"}],"about":[{"href":"https:\/\/cedesyd.usac.edu.gt\/index.php\/wp-json\/wp\/v2\/types\/post"}],"author":[{"embeddable":true,"href":"https:\/\/cedesyd.usac.edu.gt\/index.php\/wp-json\/wp\/v2\/users\/1"}],"replies":[{"embeddable":true,"href":"https:\/\/cedesyd.usac.edu.gt\/index.php\/wp-json\/wp\/v2\/comments?post=136"}],"version-history":[{"count":0,"href":"https:\/\/cedesyd.usac.edu.gt\/index.php\/wp-json\/wp\/v2\/posts\/136\/revisions"}],"wp:featuredmedia":[{"embeddable":true,"href":"https:\/\/cedesyd.usac.edu.gt\/index.php\/wp-json\/wp\/v2\/media\/137"}],"wp:attachment":[{"href":"https:\/\/cedesyd.usac.edu.gt\/index.php\/wp-json\/wp\/v2\/media?parent=136"}],"wp:term":[{"taxonomy":"category","embeddable":true,"href":"https:\/\/cedesyd.usac.edu.gt\/index.php\/wp-json\/wp\/v2\/categories?post=136"},{"taxonomy":"post_tag","embeddable":true,"href":"https:\/\/cedesyd.usac.edu.gt\/index.php\/wp-json\/wp\/v2\/tags?post=136"}],"curies":[{"name":"wp","href":"https:\/\/api.w.org\/{rel}","templated":true}]}}