{"id":1550,"date":"2022-02-28T14:16:45","date_gmt":"2022-02-28T20:16:45","guid":{"rendered":"https:\/\/cedesyd.usac.edu.gt\/?p=1550"},"modified":"2022-02-28T14:16:45","modified_gmt":"2022-02-28T20:16:45","slug":"lanzamiento-del-informe-de-evaluacion-regional-sobre-el-riesgo-de-desastres-en-america-latina-y-el-caribe","status":"publish","type":"post","link":"https:\/\/cedesyd.usac.edu.gt\/index.php\/2022\/02\/28\/lanzamiento-del-informe-de-evaluacion-regional-sobre-el-riesgo-de-desastres-en-america-latina-y-el-caribe\/","title":{"rendered":"LANZAMIENTO DEL INFORME DE EVALUACI\u00d3N REGIONAL SOBRE EL RIESGO DE DESASTRES EN AM\u00c9RICA LATINA Y EL CARIBE"},"content":{"rendered":"\n<p>Los resultados del balance de treinta a\u00f1os de esfuerzos por reducir el riesgo de desastres que se plasman en esta primera edici\u00f3n del\u00a0<em>Informe de evaluaci\u00f3n regional sobre el riesgo de desastres en Am\u00e9rica Latina y el Caribe<\/em>\u00a0(RAR, por sus siglas en ingl\u00e9s), as\u00ed como las lecciones que hasta ahora nos ha dejado la pandemia de COVID-19 y el desfavorable panorama econ\u00f3mico que se prev\u00e9 para los pr\u00f3ximos a\u00f1os en la regi\u00f3n, se convierten en una oportunidad \u00fanica para reflexionar y replantear el futuro de la reducci\u00f3n del riesgo con acciones concretas.<\/p>\n\n\n\n<figure class=\"wp-block-image size-large\"><img loading=\"lazy\" decoding=\"async\" width=\"728\" height=\"1024\" src=\"https:\/\/cedesyd.usac.edu.gt\/wp-content\/uploads\/2022\/02\/Portada-si\u0301ntesis-ESPAN\u0303OL-728x1024.png\" alt=\"\" class=\"wp-image-1551\" srcset=\"https:\/\/cedesyd.usac.edu.gt\/wp-content\/uploads\/2022\/02\/Portada-si\u0301ntesis-ESPAN\u0303OL-728x1024.png 728w, https:\/\/cedesyd.usac.edu.gt\/wp-content\/uploads\/2022\/02\/Portada-si\u0301ntesis-ESPAN\u0303OL-213x300.png 213w, https:\/\/cedesyd.usac.edu.gt\/wp-content\/uploads\/2022\/02\/Portada-si\u0301ntesis-ESPAN\u0303OL-768x1080.png 768w, https:\/\/cedesyd.usac.edu.gt\/wp-content\/uploads\/2022\/02\/Portada-si\u0301ntesis-ESPAN\u0303OL.png 950w\" sizes=\"auto, (max-width: 728px) 100vw, 728px\" \/><\/figure>\n\n\n\n<p>Click para visualizar y descargar: <\/p>\n\n\n\n<p><a href=\"https:\/\/cedesyd.usac.edu.gt\/wp-content\/uploads\/2022\/02\/RAR21-Espanol-Completo.pdf\">https:\/\/cedesyd.usac.edu.gt\/wp-content\/uploads\/2022\/02\/RAR21-Espanol-Completo.pdf<\/a><\/p>\n","protected":false},"excerpt":{"rendered":"<p>Los resultados del balance de treinta a\u00f1os de esfuerzos por reducir el riesgo de desastres que se plasman en esta primera edici\u00f3n del\u00a0Informe de evaluaci\u00f3n regional sobre el riesgo de desastres en Am\u00e9rica Latina y el Caribe\u00a0(RAR, por sus siglas en ingl\u00e9s), as\u00ed como las lecciones que hasta ahora nos ha dejado la pandemia de [&hellip;]<\/p>\n","protected":false},"author":2,"featured_media":1551,"comment_status":"open","ping_status":"open","sticky":false,"template":"","format":"standard","meta":{"footnotes":""},"categories":[94,1],"tags":[],"class_list":{"0":"post-1550","1":"post","2":"type-post","3":"status-publish","4":"format-standard","5":"has-post-thumbnail","7":"category-boletines-especiales","8":"category-noticias","9":"czr-hentry"},"_links":{"self":[{"href":"https:\/\/cedesyd.usac.edu.gt\/index.php\/wp-json\/wp\/v2\/posts\/1550","targetHints":{"allow":["GET"]}}],"collection":[{"href":"https:\/\/cedesyd.usac.edu.gt\/index.php\/wp-json\/wp\/v2\/posts"}],"about":[{"href":"https:\/\/cedesyd.usac.edu.gt\/index.php\/wp-json\/wp\/v2\/types\/post"}],"author":[{"embeddable":true,"href":"https:\/\/cedesyd.usac.edu.gt\/index.php\/wp-json\/wp\/v2\/users\/2"}],"replies":[{"embeddable":true,"href":"https:\/\/cedesyd.usac.edu.gt\/index.php\/wp-json\/wp\/v2\/comments?post=1550"}],"version-history":[{"count":1,"href":"https:\/\/cedesyd.usac.edu.gt\/index.php\/wp-json\/wp\/v2\/posts\/1550\/revisions"}],"predecessor-version":[{"id":1552,"href":"https:\/\/cedesyd.usac.edu.gt\/index.php\/wp-json\/wp\/v2\/posts\/1550\/revisions\/1552"}],"wp:featuredmedia":[{"embeddable":true,"href":"https:\/\/cedesyd.usac.edu.gt\/index.php\/wp-json\/wp\/v2\/media\/1551"}],"wp:attachment":[{"href":"https:\/\/cedesyd.usac.edu.gt\/index.php\/wp-json\/wp\/v2\/media?parent=1550"}],"wp:term":[{"taxonomy":"category","embeddable":true,"href":"https:\/\/cedesyd.usac.edu.gt\/index.php\/wp-json\/wp\/v2\/categories?post=1550"},{"taxonomy":"post_tag","embeddable":true,"href":"https:\/\/cedesyd.usac.edu.gt\/index.php\/wp-json\/wp\/v2\/tags?post=1550"}],"curies":[{"name":"wp","href":"https:\/\/api.w.org\/{rel}","templated":true}]}}