{"id":322,"date":"2014-06-02T16:25:15","date_gmt":"2014-06-02T16:25:15","guid":{"rendered":"http:\/\/sitios.usac.edu.gt\/cedesyd\/?p=322"},"modified":"2021-02-09T18:02:40","modified_gmt":"2021-02-10T00:02:40","slug":"boletin-meteorologico-especial-cedesyd-digeu-02062014","status":"publish","type":"post","link":"https:\/\/cedesyd.usac.edu.gt\/index.php\/2014\/06\/02\/boletin-meteorologico-especial-cedesyd-digeu-02062014\/","title":{"rendered":"BOLET\u00cdN METEOROL\u00d3GICO ESPECIAL CEDESYD \u2013 DIGEU 02\/06\/2014"},"content":{"rendered":"<p>A la Comunidad Universitaria y Centros Regionales se les&nbsp; informa que, seg\u00fan las acciones de monitoreo sobre las&nbsp; condiciones clim\u00e1ticas del pa\u00eds y fen\u00f3menos naturales&nbsp; que puedan afectar al territorio nacional y a la comunidad universitaria, el&nbsp; Centro de Estudios de Desarrollo Seguro y Desastres&nbsp; \u2013CEDESYD-,&nbsp; informa que<!--more--> seg\u00fan informaci\u00f3n del servicio meteorol\u00f3gico &nbsp;INSIVUMEH &nbsp;el Pacifico de Guatemala contin\u00faa muy inestable debido a una Baja Presi\u00f3n con potencial de 80% de fortalecerse a la Depresi\u00f3n Tropical 2. Debido a su movimiento lento hacia el Noroeste y por su circulaci\u00f3n constante, \u00e9ste sistema continua favoreciendo la entrada abundante de humedad al Territorio Nacional, por lo que las lluvias moderadas a fuertes continuaran \u00e9sta semana las cuales pueden ser m\u00e1s fuertes en regiones del Sur, Suroccidente, Centro del Pa\u00eds y Occidente hacia la frontera con M\u00e9xico.<\/p>\n<p>&nbsp;<\/p>\n<p><a href=\"http:\/\/c2.usac.edu.gt\/cedesyd\/public_html\/wp-content\/uploads\/2014\/05\/wv-animated.gif\"><img loading=\"lazy\" decoding=\"async\" class=\"aligncenter size-full wp-image-320\" alt=\"wv-animated\" src=\"http:\/\/c2.usac.edu.gt\/cedesyd\/public_html\/wp-content\/uploads\/2014\/05\/wv-animated.gif\" width=\"720\" height=\"480\"><\/a><\/p>\n<p>El Centro de Estudios de Desarrollo Seguro y Desastres Mantendr\u00e1 monitoreo constante de la informaci\u00f3n que emitan las autoridades de emergencia del pa\u00eds, de la informaci\u00f3n que emitan los Centros Regionales y mantendr\u00e1 informada a la comunidad universitaria de las disposiciones que se emitan por los medios oficiales, as\u00ed como la actualizaci\u00f3n de nuestras redes sociales <a href=\"http:\/\/facebook.com\/cedesyd\">http:\/\/facebook.com\/cedesyd<\/a> o por nuestra&nbsp; portal web&nbsp; http:\/\/sitios.usac.edu.gt\/cedesyd\/<\/p>\n<p>&nbsp;<\/p>\n<p>CEDESYD recomienda tomar las medidas de precauci\u00f3n siguientes:<\/p>\n<p>&nbsp;<\/p>\n<ul>\n<li>Resgu\u00e1rdese en su vivienda si no es necesario salir de ella.<\/li>\n<li>No atraviese puentes donde el nivel del rio sea alto.<\/li>\n<li>Evite circular por carreteras si no es necesario.<\/li>\n<li>No cruce r\u00edos crecidos por ning\u00fan motivo.<\/li>\n<li>Mant\u00e9ngase informado por los medios de comunicaci\u00f3n.<\/li>\n<li><\/li>\n<\/ul>\n<p>RECOMENDACIONES PARA AUTOMOVILISTAS<\/p>\n<ul>\n<li>Inf\u00f3rmese &nbsp;de los riesgos de lluvias torrenciales en las zonas a las que va a desplazarse.<\/li>\n<li>No debe cruzar jam\u00e1s en autom\u00f3vil los lugares &nbsp;inundados.<\/li>\n<li>No es aconsejable avanzar con el veh\u00edculo por una carretera inundada o por un puente oculto por las aguas. La fuerza del agua podr\u00eda arrastrar el veh\u00edculo.<\/li>\n<li>Preste atenci\u00f3n a los deslizamientos, derrumbes, cables de conducci\u00f3n el\u00e9ctrica flojos o derribados y objetos ca\u00eddos.<\/li>\n<li>Evite viajar en veh\u00edculo.<\/li>\n<li>Mantenga la cordialidad y educaci\u00f3n vial.<\/li>\n<\/ul>\n<p><b>&nbsp;<\/b><b>&nbsp;<\/b><\/p>\n<p>&nbsp;<\/p>\n<p align=\"center\"><strong><i>Por una Universidad Segura, Reduciendo el Riesgo a Desastres<\/i><\/strong><\/p>\n<p align=\"center\"><i>&nbsp;<\/i><\/p>\n<p align=\"center\"><strong>CENTRO DE ESTUDIOS DE DESARROLLO SEGURO Y DESASTRES<\/strong><\/p>\n<p align=\"center\"><strong>CEDESYD-USAC<\/strong><b><\/b><\/p>\n<p><b>&nbsp;<\/b><\/p>\n","protected":false},"excerpt":{"rendered":"<p>A la Comunidad Universitaria y Centros Regionales se les&nbsp; informa que, seg\u00fan las acciones de monitoreo sobre las&nbsp; condiciones clim\u00e1ticas del pa\u00eds y fen\u00f3menos naturales&nbsp; que puedan afectar al territorio nacional y a la comunidad universitaria, el&nbsp; Centro de Estudios de Desarrollo Seguro y Desastres&nbsp; \u2013CEDESYD-,&nbsp; informa que<\/p>\n","protected":false},"author":1,"featured_media":320,"comment_status":"open","ping_status":"open","sticky":false,"template":"","format":"standard","meta":{"footnotes":""},"categories":[94],"tags":[],"class_list":{"0":"post-322","1":"post","2":"type-post","3":"status-publish","4":"format-standard","5":"has-post-thumbnail","7":"category-boletines-especiales","8":"czr-hentry"},"_links":{"self":[{"href":"https:\/\/cedesyd.usac.edu.gt\/index.php\/wp-json\/wp\/v2\/posts\/322","targetHints":{"allow":["GET"]}}],"collection":[{"href":"https:\/\/cedesyd.usac.edu.gt\/index.php\/wp-json\/wp\/v2\/posts"}],"about":[{"href":"https:\/\/cedesyd.usac.edu.gt\/index.php\/wp-json\/wp\/v2\/types\/post"}],"author":[{"embeddable":true,"href":"https:\/\/cedesyd.usac.edu.gt\/index.php\/wp-json\/wp\/v2\/users\/1"}],"replies":[{"embeddable":true,"href":"https:\/\/cedesyd.usac.edu.gt\/index.php\/wp-json\/wp\/v2\/comments?post=322"}],"version-history":[{"count":1,"href":"https:\/\/cedesyd.usac.edu.gt\/index.php\/wp-json\/wp\/v2\/posts\/322\/revisions"}],"predecessor-version":[{"id":1424,"href":"https:\/\/cedesyd.usac.edu.gt\/index.php\/wp-json\/wp\/v2\/posts\/322\/revisions\/1424"}],"wp:featuredmedia":[{"embeddable":true,"href":"https:\/\/cedesyd.usac.edu.gt\/index.php\/wp-json\/wp\/v2\/media\/320"}],"wp:attachment":[{"href":"https:\/\/cedesyd.usac.edu.gt\/index.php\/wp-json\/wp\/v2\/media?parent=322"}],"wp:term":[{"taxonomy":"category","embeddable":true,"href":"https:\/\/cedesyd.usac.edu.gt\/index.php\/wp-json\/wp\/v2\/categories?post=322"},{"taxonomy":"post_tag","embeddable":true,"href":"https:\/\/cedesyd.usac.edu.gt\/index.php\/wp-json\/wp\/v2\/tags?post=322"}],"curies":[{"name":"wp","href":"https:\/\/api.w.org\/{rel}","templated":true}]}}