{"id":357,"date":"2014-07-07T14:37:44","date_gmt":"2014-07-07T14:37:44","guid":{"rendered":"http:\/\/sitios.usac.edu.gt\/cedesyd\/?p=357"},"modified":"2021-02-09T18:02:19","modified_gmt":"2021-02-10T00:02:19","slug":"que-es-normal-agua-y-resiliencia","status":"publish","type":"post","link":"https:\/\/cedesyd.usac.edu.gt\/index.php\/2014\/07\/07\/que-es-normal-agua-y-resiliencia\/","title":{"rendered":"\u00bfQu\u00e9 es normal?  Agua y resiliencia"},"content":{"rendered":"<p style=\"text-align: justify;\">No es normal que ni siquiera nos percatemos que los cuerpos de agua en el pa\u00eds est\u00e1n deterior\u00e1ndose. No es normal que el paisaje nacional, en vez de ser con lagos o r\u00edos cristalinos,&nbsp; sean desag\u00fces de aguas residuales. No es normal que con cada lluvia, se espere la estad\u00edstica de muertes causadas por desastres relacionados con<!--more--> el agua. No es normal que&nbsp; en condiciones postdesatre reincidamos en proponer las mismas soluciones que en el pasado han sido temporales o poco funcionales. \u00bfO si es normal?<\/p>\n<p style=\"text-align: justify;\">El panorama de Guatemala debido a los desastres causados \u200b\u200bpor el agua, en vez de ser oscuro, se puede mejorar utilizando el esquema propuesto en este estudio para trabajar utilizando el talento y la capacidad nacional, la diversidad cultural y \u00e9tnica, reglamentos transparentes, el reparto equitativo y pertinente de poder, estructuraci\u00f3n de &nbsp;alianzas estrat\u00e9gicas, entre otros.<\/p>\n<p style=\"text-align: justify;\">Cambiar de paradigmas no es normal, pero en este caso es necesario. La empat\u00eda ya no es suficiente. Resiliencia en lugar desastres. Propuestas en lugar de quejas. Actuar en vez de pretender.<\/p>\n<p style=\"text-align: right;\" align=\"center\">Ing. Qca. M\u00f3nica Pamela Mej\u00eda Doradea<\/p>\n<p style=\"text-align: left;\" align=\"center\">Leer y\/o descargar documento completo: &nbsp; <a title=\"\u00bfQue es normarl? Agua y Resiliencia\" href=\"http:\/\/es.scribd.com\/doc\/232309350\/Agua-y-Resiliencia\">http:\/\/es.scribd.com\/doc\/232309350\/Agua-y-Resiliencia<\/a><\/p>\n","protected":false},"excerpt":{"rendered":"<p>No es normal que ni siquiera nos percatemos que los cuerpos de agua en el pa\u00eds est\u00e1n deterior\u00e1ndose. No es normal que el paisaje nacional, en vez de ser con lagos o r\u00edos cristalinos,&nbsp; sean desag\u00fces de aguas residuales. No es normal que con cada lluvia, se espere la estad\u00edstica de muertes causadas por desastres [&hellip;]<\/p>\n","protected":false},"author":1,"featured_media":358,"comment_status":"open","ping_status":"open","sticky":false,"template":"","format":"standard","meta":{"footnotes":""},"categories":[97],"tags":[],"class_list":{"0":"post-357","1":"post","2":"type-post","3":"status-publish","4":"format-standard","5":"has-post-thumbnail","7":"category-publicaciones","8":"czr-hentry"},"_links":{"self":[{"href":"https:\/\/cedesyd.usac.edu.gt\/index.php\/wp-json\/wp\/v2\/posts\/357","targetHints":{"allow":["GET"]}}],"collection":[{"href":"https:\/\/cedesyd.usac.edu.gt\/index.php\/wp-json\/wp\/v2\/posts"}],"about":[{"href":"https:\/\/cedesyd.usac.edu.gt\/index.php\/wp-json\/wp\/v2\/types\/post"}],"author":[{"embeddable":true,"href":"https:\/\/cedesyd.usac.edu.gt\/index.php\/wp-json\/wp\/v2\/users\/1"}],"replies":[{"embeddable":true,"href":"https:\/\/cedesyd.usac.edu.gt\/index.php\/wp-json\/wp\/v2\/comments?post=357"}],"version-history":[{"count":1,"href":"https:\/\/cedesyd.usac.edu.gt\/index.php\/wp-json\/wp\/v2\/posts\/357\/revisions"}],"predecessor-version":[{"id":1423,"href":"https:\/\/cedesyd.usac.edu.gt\/index.php\/wp-json\/wp\/v2\/posts\/357\/revisions\/1423"}],"wp:featuredmedia":[{"embeddable":true,"href":"https:\/\/cedesyd.usac.edu.gt\/index.php\/wp-json\/wp\/v2\/media\/358"}],"wp:attachment":[{"href":"https:\/\/cedesyd.usac.edu.gt\/index.php\/wp-json\/wp\/v2\/media?parent=357"}],"wp:term":[{"taxonomy":"category","embeddable":true,"href":"https:\/\/cedesyd.usac.edu.gt\/index.php\/wp-json\/wp\/v2\/categories?post=357"},{"taxonomy":"post_tag","embeddable":true,"href":"https:\/\/cedesyd.usac.edu.gt\/index.php\/wp-json\/wp\/v2\/tags?post=357"}],"curies":[{"name":"wp","href":"https:\/\/api.w.org\/{rel}","templated":true}]}}