{"id":478,"date":"2014-08-18T16:01:55","date_gmt":"2014-08-18T16:01:55","guid":{"rendered":"http:\/\/sitios.usac.edu.gt\/cedesyd\/?p=478"},"modified":"2014-08-18T16:01:55","modified_gmt":"2014-08-18T16:01:55","slug":"rapida-y-valiosa-intervencion-de-la-usac-en-el-terremoto-de-san-marcos-usac-presente","status":"publish","type":"post","link":"https:\/\/cedesyd.usac.edu.gt\/index.php\/2014\/08\/18\/rapida-y-valiosa-intervencion-de-la-usac-en-el-terremoto-de-san-marcos-usac-presente\/","title":{"rendered":"R\u00e1pida y valiosa intervenci\u00f3n de la USAC en el Terremoto de San Marcos \u00a1 USAC PRESENTE !"},"content":{"rendered":"<p>Despu\u00e9s del <b>sismo de\u00a0 6.4\u00a0 grados<\/b> en la escala de Richter, del d\u00eda <b>07 de julio de 2014 <\/b>en el occidente del pa\u00eds y focalizado con mayores da\u00f1os en el Departamento de San Marcos, la Universidad de San Carlos de Guatemala por medio de su <b>Centro de Estudios de Desarrollo Seguro y Desastres -CEDESYD-<\/b> activo el \u00a0Fondo de Emergencia destinado para<!--more--> atender las actividades de asistencia t\u00e9cnica y humanitaria para los damnificados, desplegando un equipo de 25 voluntarios de las facultades de Ingenier\u00eda y Arquitectura \u00a0especializados\u00a0 en evaluaci\u00f3n y an\u00e1lisis de estructuras, quienes con el acompa\u00f1amiento y la coordinaci\u00f3n del \u00a0\u2013CEDESYD- , se movilizaron hacia el Departamento de San Marcos en donde se sumaron\u00a0 a las acciones de evaluaci\u00f3n de da\u00f1os, que realizan \u00a0\u00a0las instituciones que integran el sistema de\u00a0 respuesta a desastres de la Coordinadora\u00a0 Departamental para la Reducci\u00f3n de Desastres\u00a0 <b>\u2013CODRED-<\/b>, la misi\u00f3n san carlista focaliz\u00f3 su intervenci\u00f3n en el \u00a0Departamento de San Marcos, en el Municipio de San Pedro Sacatep\u00e9quez y en el Municipio de \u00a0Esquipulas palo Gordo, seg\u00fan acuerdo realizado con la Comisi\u00f3n de Planificaci\u00f3n.<\/p>\n<p><b>Se desarrollaron las siguientes actividades:<\/b> a) evaluaci\u00f3n y an\u00e1lisis estructural de catorce centros educativos, b) evaluaci\u00f3n de infraestructura p\u00fablica importante como el edificio Municipal , el Centro de Comercio y\u00a0 la Iglesia Catedral de San Pedro Sacatep\u00e9quez, c) el Sal\u00f3n de Usos M\u00faltiples de Servicios Municipales, el Auditorio Municipal, la Sala Mixta de la Corte de Apelaciones del Organismo Judicial, el \u00c1rea de Salud (Laboratorio Cl\u00ednico, Bodega y Laboratorio de Papanicolaou) del Ministerio de Salud P\u00fablica y Asistencia Social, Centro Oftalmol\u00f3gico \u201cSan Marcos\u201d y el Hospital de Optometr\u00eda y Preoperatorio de M\u00e9dicos Cubanos ubicados en la cabecera departamental de San Marcos.\u00a0 Para estas evaluaciones se utiliz\u00f3 la ficha oficial proporcionada por CONRED y los resultados fueron entregados a la Comisi\u00f3n responsable.<\/p>\n<p>Como parte de los objetivos primordiales de la misi\u00f3n de los voluntarios san carlistas se evalu\u00f3 el Centro Universitario de San Marcos \u2013CUSAM-, observ\u00e1ndose que sufri\u00f3 da\u00f1os severos en aproximadamente el 40% de su infraestructura por lo que se concluyo en com\u00fan acuerdo con las autoridades formar una comisi\u00f3n que dise\u00f1e su reconstrucci\u00f3n y que en el corto plazo viabilice la posibilidad de construir 10\u00a0 aulas prefabricadas para atender a los 800 alumnos que se quedaron sin aulas, adem\u00e1s de 5 oficinas administrativas.<\/p>\n<p>La Universidad de San Carlos de Guatemala <b>cumple su funci\u00f3n social<\/b> y muestra con hechos el compromiso con la poblaci\u00f3n guatemalteca poniendo a su servicio la <b>alta capacidad t\u00e9cnica y profesional de estudiantes y profesionales<\/b>, mostrando as\u00ed que el fondo de Emergencias cumple una <b>funci\u00f3n primordial<\/b> en la atenci\u00f3n de las emergencias y constituye un elemento importante en la respuesta r\u00e1pida y eficiente del CEDESYD y de la USAC en momentos de incidencia y pronta respuesta.<\/p>\n<p>&nbsp;<\/p>\n<p>&nbsp;<\/p>\n<p align=\"center\"><b>ID Y ENSE\u00d1AD A TODOS.<\/b><\/p>\n<figure id=\"attachment_389\" aria-describedby=\"caption-attachment-389\" style=\"width: 3264px\" class=\"wp-caption aligncenter\"><a href=\"http:\/\/c2.usac.edu.gt\/cedesyd\/public_html\/wp-content\/uploads\/2014\/07\/20140715_091456.jpg\"><img loading=\"lazy\" decoding=\"async\" class=\"size-full wp-image-389  \" alt=\"Voluntarios Facultad de Arquitectura.\" src=\"http:\/\/c2.usac.edu.gt\/cedesyd\/public_html\/wp-content\/uploads\/2014\/07\/20140715_091456.jpg\" width=\"3264\" height=\"2448\" srcset=\"https:\/\/cedesyd.usac.edu.gt\/wp-content\/uploads\/2014\/07\/20140715_091456.jpg 3264w, https:\/\/cedesyd.usac.edu.gt\/wp-content\/uploads\/2014\/07\/20140715_091456-300x225.jpg 300w, https:\/\/cedesyd.usac.edu.gt\/wp-content\/uploads\/2014\/07\/20140715_091456-768x576.jpg 768w, https:\/\/cedesyd.usac.edu.gt\/wp-content\/uploads\/2014\/07\/20140715_091456-1024x768.jpg 1024w, https:\/\/cedesyd.usac.edu.gt\/wp-content\/uploads\/2014\/07\/20140715_091456-1200x900.jpg 1200w\" sizes=\"auto, (max-width: 3264px) 100vw, 3264px\" \/><\/a><figcaption id=\"caption-attachment-389\" class=\"wp-caption-text\"><br \/>Voluntarios Facultad de arquitectura en Centro de Operaciones de Emergencia San Marcos<\/figcaption><\/figure>\n<figure id=\"attachment_485\" aria-describedby=\"caption-attachment-485\" style=\"width: 593px\" class=\"wp-caption aligncenter\"><a href=\"http:\/\/c2.usac.edu.gt\/cedesyd\/public_html\/wp-content\/uploads\/2014\/08\/foto-ingenieros-2.jpg\"><img loading=\"lazy\" decoding=\"async\" class=\"size-full wp-image-485\" title=\"Voluntarios Facultad de Ingenier\u00eda, \" alt=\"foto ingenieros 2\" src=\"http:\/\/c2.usac.edu.gt\/cedesyd\/public_html\/wp-content\/uploads\/2014\/08\/foto-ingenieros-2.jpg\" width=\"593\" height=\"354\" srcset=\"https:\/\/cedesyd.usac.edu.gt\/wp-content\/uploads\/2014\/08\/foto-ingenieros-2.jpg 593w, https:\/\/cedesyd.usac.edu.gt\/wp-content\/uploads\/2014\/08\/foto-ingenieros-2-300x179.jpg 300w\" sizes=\"auto, (max-width: 593px) 100vw, 593px\" \/><\/a><figcaption id=\"caption-attachment-485\" class=\"wp-caption-text\">Voluntarios Facultad de Ingenier\u00eda, Centro de operaciones de Emergencia San Marcos.<\/figcaption><\/figure>\n","protected":false},"excerpt":{"rendered":"<p>Despu\u00e9s del sismo de\u00a0 6.4\u00a0 grados en la escala de Richter, del d\u00eda 07 de julio de 2014 en el occidente del pa\u00eds y focalizado con mayores da\u00f1os en el Departamento de San Marcos, la Universidad de San Carlos de Guatemala por medio de su Centro de Estudios de Desarrollo Seguro y Desastres -CEDESYD- activo [&hellip;]<\/p>\n","protected":false},"author":1,"featured_media":406,"comment_status":"open","ping_status":"open","sticky":false,"template":"","format":"standard","meta":{"footnotes":""},"categories":[1],"tags":[22,25,29,44,56,57,60,61],"class_list":{"0":"post-478","1":"post","2":"type-post","3":"status-publish","4":"format-standard","5":"has-post-thumbnail","7":"category-noticias","8":"tag-danos","9":"tag-edan","10":"tag-evaluacion","11":"tag-municipalidad-san-pedro-sacatepequez","12":"tag-san-marcos","13":"tag-san-pedro-sacatepeques","14":"tag-sismo","15":"tag-terremoto","16":"czr-hentry"},"_links":{"self":[{"href":"https:\/\/cedesyd.usac.edu.gt\/index.php\/wp-json\/wp\/v2\/posts\/478","targetHints":{"allow":["GET"]}}],"collection":[{"href":"https:\/\/cedesyd.usac.edu.gt\/index.php\/wp-json\/wp\/v2\/posts"}],"about":[{"href":"https:\/\/cedesyd.usac.edu.gt\/index.php\/wp-json\/wp\/v2\/types\/post"}],"author":[{"embeddable":true,"href":"https:\/\/cedesyd.usac.edu.gt\/index.php\/wp-json\/wp\/v2\/users\/1"}],"replies":[{"embeddable":true,"href":"https:\/\/cedesyd.usac.edu.gt\/index.php\/wp-json\/wp\/v2\/comments?post=478"}],"version-history":[{"count":0,"href":"https:\/\/cedesyd.usac.edu.gt\/index.php\/wp-json\/wp\/v2\/posts\/478\/revisions"}],"wp:featuredmedia":[{"embeddable":true,"href":"https:\/\/cedesyd.usac.edu.gt\/index.php\/wp-json\/wp\/v2\/media\/406"}],"wp:attachment":[{"href":"https:\/\/cedesyd.usac.edu.gt\/index.php\/wp-json\/wp\/v2\/media?parent=478"}],"wp:term":[{"taxonomy":"category","embeddable":true,"href":"https:\/\/cedesyd.usac.edu.gt\/index.php\/wp-json\/wp\/v2\/categories?post=478"},{"taxonomy":"post_tag","embeddable":true,"href":"https:\/\/cedesyd.usac.edu.gt\/index.php\/wp-json\/wp\/v2\/tags?post=478"}],"curies":[{"name":"wp","href":"https:\/\/api.w.org\/{rel}","templated":true}]}}