{"id":514,"date":"2014-08-27T15:17:37","date_gmt":"2014-08-27T15:17:37","guid":{"rendered":"http:\/\/sitios.usac.edu.gt\/cedesyd\/?p=514"},"modified":"2014-08-27T15:17:37","modified_gmt":"2014-08-27T15:17:37","slug":"conociendo-redulac","status":"publish","type":"post","link":"https:\/\/cedesyd.usac.edu.gt\/index.php\/2014\/08\/27\/conociendo-redulac\/","title":{"rendered":"Conociendo REDULAC."},"content":{"rendered":"<p style=\"text-align: justify;\">\u00bfQu\u00e9 es REDULAC?<\/p>\n<p style=\"text-align: justify;\">La red de universitarios de Am\u00e9rica Latina y el Caribe para la gesti\u00f3n y la reducci\u00f3n de riesgos de emergencias y desastres \u201cREDULAC\u201d, se gesta en el marco del Taller Internacional sobre la Gesti\u00f3n del\u00a0 Riesgo a Nivel Local, caso de Manizales Colombia: \u201cLa administraci\u00f3n p\u00fablica y el rol de la universidad\u201d,\u00a0 evento liderado por<!--more--> el Grupo de Gesti\u00f3n de Riesgos del Instituto de Estudios Ambientales (IDEA), de La\u00a0 Universidad Nacional de Colombia \u2013Sede Manizales, quienes fueron seleccionados por la Oficina de los\u00a0 Estados Unidos para la Asistencia en caso de Desastres en el Extranjero (OFDA) de la Agencia para el\u00a0 Desarrollo Internacional (USAID), con el fin de organizar este taller, este encuentro reunir\u00eda entre otros a 12\u00a0 especialistas de universidades de Am\u00e9rica Latina, 3 especialistas de universidades de los Estados Unidos, al\u00a0 igual que especialistas y funcionarios de la OFDA (USAID); el evento se llev\u00f3 a cabo los d\u00edas 28 y 29 de\u00a0 septiembre del a\u00f1o 2006; en la Biblioteca Germ\u00e1n Arciniega del Campus el Cable, en la ciudad de Manizales Colombia.<\/p>\n<p style=\"text-align: justify;\">Este momento de integraci\u00f3n acad\u00e9mica se da por iniciativa y voluntad propia de los docentes asistentes a \u00a0este evento, quienes vieron una gran oportunidad de proponer y establecer una red que permitiera generar un\u00a0 espacio para compartir y discernir los logros, avances y dificultades del rol de la educaci\u00f3n superior en el\u00a0 abordaje de la gesti\u00f3n del riesgo y reducci\u00f3n de desastres, en el que hacer propio de la academia como los es la docencia, la investigaci\u00f3n y la extensi\u00f3n, adem\u00e1s de responder a la confianza y los esfuerzos de la\u00a0 OFDA, por abogar en la incorporaci\u00f3n de la tem\u00e1tica de la gesti\u00f3n y reducci\u00f3n de riesgos en las instituciones\u00a0 de educaci\u00f3n superior.<\/p>\n<p style=\"text-align: justify;\">Esta iniciativa se plasm\u00f3 bajo el amparo de un acta de intenci\u00f3n denominada \u201cDeclaraci\u00f3n de Manizales\u201d, la \u00a0cual fue firmada por las siguientes profesores (Mercedes Feliciano &#8211; U. Aut\u00f3noma de Santo Domingo,\u00a0 Alexandra Alvarado &#8211; Instituto Geof\u00edsico y Escuela Polit\u00e9cnica Nacional del Ecuador, Juan Julio Bardi &#8211; U. del\u00a0 Salvador de Argentina, Margarita Montoya e Iv\u00e1n Diario Rendo &#8211; U. de Antioquia de Colombia, Alfredo\u00a0 Rodr\u00edguez &#8211; U. de El Salvador de El Salvador, V\u00edctor Manuel Garc\u00eda &#8211; U. de San Carlos de Guatemala, Luis\u00a0 Rueda Julio Milachay &#8211; U. Nacional de Educaci\u00f3n Enrique Guzm\u00e1n \u201cLa Cantuta\u201d del Per\u00fa, Fernando Mej\u00eda Fern\u00e1ndez \u2013 IDEA -U. Nacional de Colombia y Luis Carlos Mart\u00ednez Medina &#8211; Red de Universidades CIGER\u00a0 de Colombia), en la propuesta fungieron como testigos los doctores Sidney Velado y Juan Pablo Sarmiento, funcionarios de La OFDA.<\/p>\n<p style=\"text-align: justify;\">Es importante destacar que REDULAC se fundamenta en la voluntad, compromiso y cooperaci\u00f3n de sus \u00a0miembros, en apoyar y acercar a las redes existentes, nacionales, sub-regionales y regionales con prop\u00f3sitos\u00a0 similares, de sensibilizar y concienciar en la conformaci\u00f3n de redes de instituciones educaci\u00f3n superior y \u00a0profesionales que est\u00e9n trabajando o deseen indagar en el tema de la reducci\u00f3n del riesgo de desastres y la adaptaci\u00f3n al cambio clim\u00e1tico a nivel local y regional, adem\u00e1s de ser una comunidad abierta a todo actor\u00a0 acad\u00e9mico o de investigaci\u00f3n que anhele hacer parte de la misma.<\/p>\n<p style=\"text-align: justify;\">Hoy en d\u00eda REDULAC es una comunidad de conocimiento y practica que respeta y colaboradora con las pol\u00edticas y estrategias regionales, subregionales y nacionales del sector de educaci\u00f3n y en general del tema \u00a0de gesti\u00f3n del riesgo y reducci\u00f3n de desastres en las Am\u00e9ricas.<\/p>\n<p style=\"text-align: justify;\">EL PROP\u00d3SITO.<\/p>\n<p style=\"text-align: justify;\">Construir un espacio acad\u00e9mico abierto e incluyente, donde sus participantes puedan compartir de manera\u00a0 voluntaria sus aportes en conocimientos, experiencias, habilidades y destrezas en el tema de Gesti\u00f3n del\u00a0 Riesgo, Reducci\u00f3n de Desastres y Adaptaci\u00f3n al Cambio Clim\u00e1tico, desde los tres pilares esenciales de la educaci\u00f3n superior (docencia, investigaci\u00f3n y extensi\u00f3n); adem\u00e1s de generar di\u00e1logos de saberes para la\u00a0 disertaci\u00f3n y construcci\u00f3n de nuevas herramientas, estrategias y pol\u00edticas en el tema.<\/p>\n<p style=\"text-align: justify;\"><b>OBJETIVO <\/b><\/p>\n<p style=\"text-align: justify;\">\u2022 Exhortar y abogar por la incorporaci\u00f3n de la tem\u00e1tica de gesti\u00f3n y reducci\u00f3n de riesgos de emergencias y\u00a0 desastres, en el quehacer de las instituciones de educaci\u00f3n superior de Am\u00e9rica Latina y el Caribe, tanto del\u00a0 orden p\u00fablico como privado.<\/p>\n<p style=\"text-align: justify;\"><b>OBJETIVOS ESPECIFICOS: <\/b><\/p>\n<p style=\"text-align: justify;\">\u2022 Invitar para que las instituciones de educaci\u00f3n superior, docentes universitarios, comunidad acad\u00e9mica,\u00a0 cient\u00edfica y de expertos en la tem\u00e1tica de gesti\u00f3n del riesgo y adaptaci\u00f3n al cambio clim\u00e1tico, construyan bajo\u00a0 los principios y valores de REDULAC, cap\u00edtulos de la red a nivel de cada pa\u00eds.<\/p>\n<p style=\"text-align: justify;\">\u2022 Apoyar el Marco de Acci\u00f3n de Hyogo (MAH), de la Estrategia Internacional de Reducci\u00f3n de Desastres<\/p>\n<p style=\"text-align: justify;\">(EIRD); de la Organizaci\u00f3n de las Naciones Unidas en la regi\u00f3n (ONU), en especial la prioridad n\u00famero tres.<\/p>\n<p style=\"text-align: justify;\">\u2022 Apoyar a las redes existentes a nivel regional, subregional y nacional, relacionadas con la tem\u00e1tica de\u00a0 educaci\u00f3n y la gesti\u00f3n del riesgo y reducci\u00f3n de desastres y adaptaci\u00f3n al cambio clim\u00e1tico.<\/p>\n<p style=\"text-align: justify;\">\u2022 Velar porque las instituciones de educaci\u00f3n superior, introduzcan el concepto de Universidades Seguras,\u00a0 con acciones que minimicen las vulnerabilidades existentes, frente a las diversas amenazas.<\/p>\n<p style=\"text-align: justify;\">\u2022 Establecer alianzas entre el sector a trav\u00e9s de redes, que permitan avanzar en el desarrollo de la tem\u00e1tica,\u00a0 en sus tres ejes estructurales como lo son la docencia, la investigaci\u00f3n y la extensi\u00f3n.<\/p>\n<p style=\"text-align: justify;\">\u2022 Apoyar a las instituciones responsables de la tem\u00e1tica de la gesti\u00f3n y reducci\u00f3n de riesgos de desastres en \u00a0todos los niveles regionales, sub-regionales y nacionales.<\/p>\n<p style=\"text-align: justify;\">\u2022 Acompa\u00f1ar las estrategias, pol\u00edticas y acciones que busquen acciones en la gesti\u00f3n y reducci\u00f3n de riesgos,\u00a0 en especial en las labores de prevenci\u00f3n y mitigaci\u00f3n.<\/p>\n<figure id=\"attachment_515\" aria-describedby=\"caption-attachment-515\" style=\"width: 678px\" class=\"wp-caption aligncenter\"><a href=\"http:\/\/c2.usac.edu.gt\/cedesyd\/public_html\/wp-content\/uploads\/2014\/08\/foto_grupal_2012.jpg\"><img loading=\"lazy\" decoding=\"async\" class=\"size-full wp-image-515\" alt=\"Reuni\u00f3n REDULAC Panam\u00e1 agosto 2012 \" src=\"http:\/\/c2.usac.edu.gt\/cedesyd\/public_html\/wp-content\/uploads\/2014\/08\/foto_grupal_2012.jpg\" width=\"678\" height=\"379\" srcset=\"https:\/\/cedesyd.usac.edu.gt\/wp-content\/uploads\/2014\/08\/foto_grupal_2012.jpg 678w, https:\/\/cedesyd.usac.edu.gt\/wp-content\/uploads\/2014\/08\/foto_grupal_2012-300x168.jpg 300w\" sizes=\"auto, (max-width: 678px) 100vw, 678px\" \/><\/a><figcaption id=\"caption-attachment-515\" class=\"wp-caption-text\">Reuni\u00f3n REDULAC Panam\u00e1 agosto 2012<\/figcaption><\/figure>\n<p style=\"text-align: justify;\"><a href=\"http:\/\/c2.usac.edu.gt\/cedesyd\/public_html\/wp-content\/uploads\/2014\/08\/topmenu_foro2012.jpg\"><img loading=\"lazy\" decoding=\"async\" class=\"aligncenter size-full wp-image-516\" alt=\"topmenu_foro2012\" src=\"http:\/\/c2.usac.edu.gt\/cedesyd\/public_html\/wp-content\/uploads\/2014\/08\/topmenu_foro2012.jpg\" width=\"679\" height=\"149\" srcset=\"https:\/\/cedesyd.usac.edu.gt\/wp-content\/uploads\/2014\/08\/topmenu_foro2012.jpg 679w, https:\/\/cedesyd.usac.edu.gt\/wp-content\/uploads\/2014\/08\/topmenu_foro2012-300x66.jpg 300w\" sizes=\"auto, (max-width: 679px) 100vw, 679px\" \/><\/a><\/p>\n","protected":false},"excerpt":{"rendered":"<p>\u00bfQu\u00e9 es REDULAC? La red de universitarios de Am\u00e9rica Latina y el Caribe para la gesti\u00f3n y la reducci\u00f3n de riesgos de emergencias y desastres \u201cREDULAC\u201d, se gesta en el marco del Taller Internacional sobre la Gesti\u00f3n del\u00a0 Riesgo a Nivel Local, caso de Manizales Colombia: \u201cLa administraci\u00f3n p\u00fablica y el rol de la universidad\u201d,\u00a0 [&hellip;]<\/p>\n","protected":false},"author":1,"featured_media":515,"comment_status":"open","ping_status":"open","sticky":false,"template":"","format":"standard","meta":{"footnotes":""},"categories":[1],"tags":[],"class_list":{"0":"post-514","1":"post","2":"type-post","3":"status-publish","4":"format-standard","5":"has-post-thumbnail","7":"category-noticias","8":"czr-hentry"},"_links":{"self":[{"href":"https:\/\/cedesyd.usac.edu.gt\/index.php\/wp-json\/wp\/v2\/posts\/514","targetHints":{"allow":["GET"]}}],"collection":[{"href":"https:\/\/cedesyd.usac.edu.gt\/index.php\/wp-json\/wp\/v2\/posts"}],"about":[{"href":"https:\/\/cedesyd.usac.edu.gt\/index.php\/wp-json\/wp\/v2\/types\/post"}],"author":[{"embeddable":true,"href":"https:\/\/cedesyd.usac.edu.gt\/index.php\/wp-json\/wp\/v2\/users\/1"}],"replies":[{"embeddable":true,"href":"https:\/\/cedesyd.usac.edu.gt\/index.php\/wp-json\/wp\/v2\/comments?post=514"}],"version-history":[{"count":0,"href":"https:\/\/cedesyd.usac.edu.gt\/index.php\/wp-json\/wp\/v2\/posts\/514\/revisions"}],"wp:featuredmedia":[{"embeddable":true,"href":"https:\/\/cedesyd.usac.edu.gt\/index.php\/wp-json\/wp\/v2\/media\/515"}],"wp:attachment":[{"href":"https:\/\/cedesyd.usac.edu.gt\/index.php\/wp-json\/wp\/v2\/media?parent=514"}],"wp:term":[{"taxonomy":"category","embeddable":true,"href":"https:\/\/cedesyd.usac.edu.gt\/index.php\/wp-json\/wp\/v2\/categories?post=514"},{"taxonomy":"post_tag","embeddable":true,"href":"https:\/\/cedesyd.usac.edu.gt\/index.php\/wp-json\/wp\/v2\/tags?post=514"}],"curies":[{"name":"wp","href":"https:\/\/api.w.org\/{rel}","templated":true}]}}