{"id":520,"date":"2014-08-29T14:58:54","date_gmt":"2014-08-29T14:58:54","guid":{"rendered":"http:\/\/sitios.usac.edu.gt\/cedesyd\/?p=520"},"modified":"2014-08-29T14:58:54","modified_gmt":"2014-08-29T14:58:54","slug":"avances-redulacrrd-comunidad-de-conocimiento-y-practica-2","status":"publish","type":"post","link":"https:\/\/cedesyd.usac.edu.gt\/index.php\/2014\/08\/29\/avances-redulacrrd-comunidad-de-conocimiento-y-practica-2\/","title":{"rendered":"AVANCES REDULAC\/RRD, \u201cCOMUNIDAD DE CONOCIMIENTO Y PR\u00c1CTICA\u201d"},"content":{"rendered":"<p style=\"text-align: justify;\">La Red ha sido consciente de los avances que se han dado en educaci\u00f3n superior y su desempe\u00f1o con la reducci\u00f3n de riesgos de desastres y ha apelado en apoyarse en esos ejercicios de gran importancia, que han ejecutado varias universidades en la regi\u00f3n, con el \u00fanico fin de apalancar esta iniciativa acad\u00e9mica bajo la voluntad de sumar esfuerzos y<!--more--> multiplicar capacidades y resultandos en el sector.<\/p>\n<p style=\"text-align: justify;\">Redulac.org empez\u00f3 a buscar reconocimiento y apoyo en organizaciones regionales responsables del tema, siempre con el acompa\u00f1amiento de USAID-OFDA, es as\u00ed como asistimos al \u201cSeminario Internacional sobre Manejo Integrado de Riesgo y Vulnerabilidad en Municipios de Am\u00e9rica Latina y el Caribe\u201d en ciudad de Panam\u00e1 del 30 octubre al 2 de Noviembre de 2006, para dar a conocer la iniciativa y buscar apoyo a la oficina regional de la EIRD de las Am\u00e9ricas a trav\u00e9s de su representante Dave Zeervas en compa\u00f1\u00eda del Doctor V\u00edctor Manuel Garc\u00eda de CEPREDENAC y de la Universidad de San Carlos de Guatemala.<\/p>\n<p style=\"text-align: justify;\">En julio de 2007, Redulac participa del \u201cSeminario en Gesti\u00f3n del Riesgo\u201d, en la Universidad del Salvador, Buenos Aires- Argentina, con el prop\u00f3sito de dar a conocer la iniciativa y establecer contactos en la regi\u00f3n y poner en marcha un primer piloto de la p\u00e1gina, dirigida por el profesor Julio Bardi.<\/p>\n<p style=\"text-align: justify;\">Ese mismo a\u00f1o en nombre del Programa Paul C. Bell Jr. de Gesti\u00f3n de Riesgos, iniciativa promovida por Florida Internacional University FIU con el apoyo de la Oficina de Asistencia para Desastres (OFDA) de la Agencia para el Desarrollo Internacional de los Estados Unidos de Am\u00e9rica (USAID), fuimos invitados algunos de los miembros de Redulac a participar del programa virtual de educaci\u00f3n superior e-learning\/e-training sobre Gesti\u00f3n Integral de Riesgos por Internet, llevado a cabo por el CIMNE de la Universidad Polit\u00e9cnica de Catalu\u00f1a (Espa\u00f1a) en coordinaci\u00f3n con el Instituto de Estudios Ambientales, IDEA, de la Universidad Nacional de Colombia, sede Manizales, con el inter\u00e9s de de compartir conocimientos y experiencias en el tema, en las versiones siguientes han seguido participando profesores de la red.<\/p>\n<p style=\"text-align: justify;\">En el a\u00f1o 2007 con el Primer encuentro de profesores de instituciones universitarias que abordan la tem\u00e1tica en gesti\u00f3n del riesgo en desastres, realizado en la ciudad de Armenia en Mayo de 2007, surge Redulac capitulo Colombia, con la asistencia de prestigiosas universidades p\u00fablicas y privadas del pa\u00eds, entre ellas: (La U. Tecnol\u00f3gica de Pereira, U. del Valle, U. del Cauca, U. La Gran Colombia Seccional Quind\u00edo, U. Antonio Nari\u00f1o, Escuela de Administraci\u00f3n y Mercadotecnia del Quind\u00edo y la Universidad del Quind\u00edo.<\/p>\n<p style=\"text-align: justify;\">En el a\u00f1o de 2008, en el mes de enero se asiste al seminario \u201cExperiencias en Gesti\u00f3n del Riesgo\u201d, organizado por la Universidad Estatal de Bol\u00edvar de Guaranda \u2013 Ecuador y se constituye Redulac capitulo Ecuador, a trav\u00e9s de acta de intenci\u00f3n firmada por asistentes de la Universidad Cooperativa de Colombia del Ecuador, el Instituto Geof\u00edsico de la Escuela Polit\u00e9cnica Nacional y el se\u00f1or director del Instituto Oceanogr\u00e1fico de La Armada y la Universidad Estatal de Bol\u00edvar, esta \u00faltima queda encargada de coordinar Redulac Capitulo Ecuador, el acta es acompa\u00f1ada de las firmas del se\u00f1or rector de la U. Estatal de Bol\u00edvar, el consultor de OFDA para Ecuador el doctor Fabi\u00e1n Arellano y el coordinador de Redulac.org.<\/p>\n<p style=\"text-align: justify;\">RedUlac.org asiste en ese mismo a\u00f1o a reuniones de car\u00e1cter internacional, con el fin de abrir espacios a las instituciones de educaci\u00f3n superior y su rol frente al tema de la gesti\u00f3n en reducci\u00f3n de riesgos de desastres y dar a conocer el papel e intenci\u00f3n de la red, en eventos como el Encuentro de Iniciativas Regionales \u201cUn Continente Unido por la Gesti\u00f3n del Riesgo\u201d realizado en Santa Marta los d\u00edas 10 y 11 de abril, organizado<\/p>\n<p style=\"text-align: justify;\">por el Sistema Nacional de Prevenci\u00f3n y Atenci\u00f3n de Desastres de Colombia (SNPAD) y el Comit\u00e9 Andino de Prevenci\u00f3n Atenci\u00f3n de Desastres (CAPRADE).<\/p>\n<p style=\"text-align: justify;\">Al igual que se participa del taller \u201cNuevos Retos de la Comunicaci\u00f3n en la Gesti\u00f3n del Riesgo y el Cambio Clim\u00e1tico\u201d, PREDECAN &#8211; CAPRADE en la ciudad de Bogot\u00e1 el 7 de Mayo de 200; al Seminario Taller \u2013 Incorporaci\u00f3n de la Gesti\u00f3n del Riesgo y el Cambio Clim\u00e1tico en la Educaci\u00f3n Superior, PREDECAN en Bogot\u00e1 en Junio 24 y 25 de 2008, en este \u00faltimo se genera la participaci\u00f3n en la creaci\u00f3n de la Red Andina de Universidades en Gestion del Riesgo y Cambio Clim\u00e1tico, en la cual se habla de la integraci\u00f3n y sinergia de red de redes, es decir que la Red Andina seria parte de Redulac y \u00e9sta a la vez seria parte y apoyar\u00eda las acciones de educaci\u00f3n superior en la regi\u00f3n Andina a trav\u00e9s de su red.<\/p>\n<p style=\"text-align: justify;\">En el caso de Colombia se acuerda por parte de las universidades presentes designar a la Universidad Tecnol\u00f3gica de Pereira, representada por el doctor Jes\u00fas Herney Moreno, coordinador de Redulac capitulo Colombia, la coordinaci\u00f3n de la de la Red Andina a nivel nacional, para la articulaci\u00f3n y coordinaci\u00f3n de estas dos redes.<\/p>\n<p style=\"text-align: justify;\">La EIRD-ONU, regi\u00f3n de las Am\u00e9ricas, apoyo a Redulac.org, en la financiaci\u00f3n de su p\u00e1gina Web, por su convicci\u00f3n de la importancia de la educaci\u00f3n superior y pertinencia en socializar y poner en pr\u00e1ctica el Marco de Acci\u00f3n de Hyogo (MAH), en especial la prioridad n\u00famero tres \u201cUtilizar los conocimientos, las innovaciones y la educaci\u00f3n para crear una cultura de seguridad y de resiliencia a todo nivel\u201d, en toda la regi\u00f3n.<\/p>\n<p style=\"text-align: justify;\">Adem\u00e1s la EIRD de la oficina regional, realizo una consulta sobre la \u201coferta acad\u00e9mica de instituciones de educaci\u00f3n superior, relacionada directamente con la tem\u00e1tica de reducci\u00f3n del riesgo de desastres, en los pa\u00edses de Am\u00e9rica Latina en lengua espa\u00f1ola\u201d, la cual fue una sesi\u00f3n paralela dentro de la Primera Sesi\u00f3n de la Plataforma Regional para la Reducci\u00f3n del Riesgo de Desastres, EIRD\/ONU \u2013 OEA, realizada en la ciudad de Panam\u00e1 del 17 al 19 de Abril de 2009, en esta primera plataforma se tuvo la sesi\u00f3n Tem\u00e1tica Conocimiento e Informaci\u00f3n, en la cual se piden acciones prioritarias en Involucrar a las universidades y apoyar las redes existentes y se recomienda establecer una plataforma tem\u00e1tica para la Gesti\u00f3n del conocimiento y de la Informaci\u00f3n.<\/p>\n<p style=\"text-align: justify;\">En al a\u00f1o de 2010 la comunidad de pr\u00e1ctica, realiza su primer seminario a nivel internacional denominado \u201cLa Gesti\u00f3n del Riesgo de Desastres como parte de la Agenda Universitaria\u201d, con el apoyo de USAID-OFDA y la asistencia de la oficina regional de la EIRD y expertos internacionales, el evento se realiz\u00f3 en la Universidad del Quind\u00edo, Junio 3 y 4 de 2010 y conto con la presencia de alrededor 250 personas.<\/p>\n<p style=\"text-align: justify;\">En el 2011 Redulac asiste como ponente en una de las mesas tem\u00e1ticas de la Segunda sesi\u00f3n de la Plataforma Regional para la reducci\u00f3n de riesgos de desastres para la regi\u00f3n de las Am\u00e9ricas, EIRD\/ONU \u2013 OEA, Ciudad de Nayarit-Puerto Vallarta-M\u00e9xico del 15 al 18 de Marzo de 2011, y con el acompa\u00f1amiento de otras instituciones de educaci\u00f3n superior, profesionales, docentes y expertos, durante el evento contribuimos en la elaboraci\u00f3n del documento del Comunicado de Nayarit en el punto 27 del mismo.<\/p>\n<p style=\"text-align: justify;\">En mayo de 2011 Redulac, acompa\u00f1ado y con toda la colaboraci\u00f3n por parte del se\u00f1or Mayor Gral. Lic. Luis Antonio Luna Paulino director de la Defensa Civil de Republica Dominicana y de la profesora Mercedes Feliciano, se mantuvieron reuniones con rectores y directivos de varias instituciones de educaci\u00f3n superior entre ellas la universidad del Caribe y la Universidad Aut\u00f3noma de Santo Domingo, entre otras; las cuales muestran gran inter\u00e9s por conformar Redulac Capitulo Republica Dominicana.<\/p>\n<p style=\"text-align: justify;\">En el marco del VI Congreso Cient\u00edfico de \u201cSeguridad Humana y Equidad Social\u201d, organizado por la Universidad Especializada de las Am\u00e9ricas (UDELAS) y con el apoyo de USAID\/OFDA, se abri\u00f3 un espacio el d\u00eda 16 de noviembre de 2011 para la conformaci\u00f3n del Cap\u00edtulo Redulac Panam\u00e1, entre los invitados<\/p>\n<p style=\"text-align: justify;\">estuvieron el doctor Juan Bosco Bernal quien se desempe\u00f1a como Vicerrector de UDELAS, representante de la Universidad Mar\u00edtima Internacional y la Universidad de Panam\u00e1.<\/p>\n<p style=\"text-align: justify;\">Bajo el amparo del seminario internacional: El Impacto del Cambio Clim\u00e1tico en la Gesti\u00f3n del Riesgo y Ordenamiento Territorial; Lima, Per\u00fa \u2013 7 al 9 de marzo de 2012; se realiz\u00f3 una reuni\u00f3n titulada \u201cCambio Clim\u00e1tico, Gesti\u00f3n del Riesgo y Ordenamiento Territorial en la Curricular Acad\u00e9mica\u201d en las oficinas del Instituto Panamericano de Geograf\u00eda e Historia del Per\u00fa, con la instalaci\u00f3n del se\u00f1or general de brigada Pedro Choncano Ochoa, Director del IPGH en Per\u00fa.<\/p>\n<p style=\"text-align: justify;\">A este evento fueron invitados instituciones de educaci\u00f3n superior tanta p\u00fablica y privada del pa\u00eds (Universidad Nacional Mayor de San Marcos (UNMSM), Universidad Nacional de Ingenier\u00eda (UNI), Universidad Ricardo Palma (URP), Universidad del Pacifico (UP), Universidad de la Cantuta, La Pontificia Universidad Cat\u00f3lica del Per\u00fa y el IPGH); con el prop\u00f3sito para conformar Redulac capitulo Per\u00fa.<\/p>\n<p style=\"text-align: justify;\">Durante el evento internacional \u201cUniversidades y Riesgo Urbano\u201d, organizado por la Universidad Central de Venezuela, a trav\u00e9s del programa coordinado para la mitigaci\u00f3n de riesgos (COMIR \u2013 UCV) y auspiciado por la Estrategia Internacional para la Reducci\u00f3n de Riesgos (ERID), realizada el 14 y 15 de febrero de 2012, las universidades asistentes y como parte de la agenda del seminario, se firma carta de intenci\u00f3n de conformaci\u00f3n del Cap\u00edtulo Redulac Venezuela.<\/p>\n<p style=\"text-align: center;\"><a href=\"http:\/\/c2.usac.edu.gt\/cedesyd\/public_html\/wp-content\/uploads\/2014\/08\/logo1.jpg\"><img loading=\"lazy\" decoding=\"async\" class=\"aligncenter  wp-image-521\" alt=\"logo1\" src=\"http:\/\/c2.usac.edu.gt\/cedesyd\/public_html\/wp-content\/uploads\/2014\/08\/logo1.jpg\" width=\"2732\" height=\"804\" srcset=\"https:\/\/cedesyd.usac.edu.gt\/wp-content\/uploads\/2014\/08\/logo1.jpg 4553w, https:\/\/cedesyd.usac.edu.gt\/wp-content\/uploads\/2014\/08\/logo1-300x88.jpg 300w, https:\/\/cedesyd.usac.edu.gt\/wp-content\/uploads\/2014\/08\/logo1-768x226.jpg 768w, https:\/\/cedesyd.usac.edu.gt\/wp-content\/uploads\/2014\/08\/logo1-1024x301.jpg 1024w, https:\/\/cedesyd.usac.edu.gt\/wp-content\/uploads\/2014\/08\/logo1-1200x353.jpg 1200w\" sizes=\"auto, (max-width: 2732px) 100vw, 2732px\" \/><\/a><\/p>\n","protected":false},"excerpt":{"rendered":"<p>La Red ha sido consciente de los avances que se han dado en educaci\u00f3n superior y su desempe\u00f1o con la reducci\u00f3n de riesgos de desastres y ha apelado en apoyarse en esos ejercicios de gran importancia, que han ejecutado varias universidades en la regi\u00f3n, con el \u00fanico fin de apalancar esta iniciativa acad\u00e9mica bajo la voluntad de sumar esfuerzos y multiplicar capacidades y resultandos en el sector.<\/p>\n","protected":false},"author":1,"featured_media":521,"comment_status":"open","ping_status":"open","sticky":false,"template":"","format":"standard","meta":{"footnotes":""},"categories":[1],"tags":[],"class_list":{"0":"post-520","1":"post","2":"type-post","3":"status-publish","4":"format-standard","5":"has-post-thumbnail","7":"category-noticias","8":"czr-hentry"},"_links":{"self":[{"href":"https:\/\/cedesyd.usac.edu.gt\/index.php\/wp-json\/wp\/v2\/posts\/520","targetHints":{"allow":["GET"]}}],"collection":[{"href":"https:\/\/cedesyd.usac.edu.gt\/index.php\/wp-json\/wp\/v2\/posts"}],"about":[{"href":"https:\/\/cedesyd.usac.edu.gt\/index.php\/wp-json\/wp\/v2\/types\/post"}],"author":[{"embeddable":true,"href":"https:\/\/cedesyd.usac.edu.gt\/index.php\/wp-json\/wp\/v2\/users\/1"}],"replies":[{"embeddable":true,"href":"https:\/\/cedesyd.usac.edu.gt\/index.php\/wp-json\/wp\/v2\/comments?post=520"}],"version-history":[{"count":0,"href":"https:\/\/cedesyd.usac.edu.gt\/index.php\/wp-json\/wp\/v2\/posts\/520\/revisions"}],"wp:featuredmedia":[{"embeddable":true,"href":"https:\/\/cedesyd.usac.edu.gt\/index.php\/wp-json\/wp\/v2\/media\/521"}],"wp:attachment":[{"href":"https:\/\/cedesyd.usac.edu.gt\/index.php\/wp-json\/wp\/v2\/media?parent=520"}],"wp:term":[{"taxonomy":"category","embeddable":true,"href":"https:\/\/cedesyd.usac.edu.gt\/index.php\/wp-json\/wp\/v2\/categories?post=520"},{"taxonomy":"post_tag","embeddable":true,"href":"https:\/\/cedesyd.usac.edu.gt\/index.php\/wp-json\/wp\/v2\/tags?post=520"}],"curies":[{"name":"wp","href":"https:\/\/api.w.org\/{rel}","templated":true}]}}