{"id":613,"date":"2014-09-19T16:44:12","date_gmt":"2014-09-19T16:44:12","guid":{"rendered":"http:\/\/sitios.usac.edu.gt\/cedesyd\/?p=613"},"modified":"2014-09-19T16:44:12","modified_gmt":"2014-09-19T16:44:12","slug":"primer-encuentro-de-la-red-de-universitarios-por-la-gestion-del-riesgo-de-desastres-de-america-latina-y-el-caribe-redulac-capitulo-guatemala","status":"publish","type":"post","link":"https:\/\/cedesyd.usac.edu.gt\/index.php\/2014\/09\/19\/primer-encuentro-de-la-red-de-universitarios-por-la-gestion-del-riesgo-de-desastres-de-america-latina-y-el-caribe-redulac-capitulo-guatemala\/","title":{"rendered":"Primer Encuentro de la  Red de Universitarios por la Gesti\u00f3n del Riesgo de Desastres de Am\u00e9rica Latina y el Caribe, REDULAC Cap\u00edtulo Guatemala."},"content":{"rendered":"<p><b>\u00a0 \u00a0 \u00a0 \u00a0 \u00a0 \u00a0 \u00a0 \u00a0 \u00a0 \u00a0 \u00a0 \u00a0 \u00a0 \u00a0 \u00a0 \u00a0 \u00a0 \u00a0 \u00a0 \u00a0 \u00a0 \u00a0 \u00a0 \u00a0 \u00a0 \u00a0 \u00a0 \u00a0 \u00a0\u00a0<\/b><\/p>\n<h1 style=\"text-align: center;\" align=\"center\"><b>Primer Encuentro de la <\/b><\/h1>\n<h1 style=\"text-align: center;\" align=\"center\"><b>Red de Universitarios por la Gesti\u00f3n del Riesgo de Desastres de Am\u00e9rica Latina y el Caribe, REDULAC<\/b><\/h1>\n<h1 style=\"text-align: center;\" align=\"center\"><b>Cap\u00edtulo Guatemala.<\/b><\/h1>\n<p><b>\u00a0<\/b><\/p>\n<p><b>\u00a0<\/b><\/p>\n<p><b>Fecha: \u00a0\u00a0\u00a0\u00a0\u00a0\u00a0\u00a0\u00a0\u00a0\u00a0\u00a0\u00a0\u00a0\u00a0\u00a0\u00a0\u00a0\u00a0\u00a0\u00a0\u00a0\u00a0 03 de octubre de 2014<\/b><\/p>\n<p><b><\/b><b>Lugar: \u00a0 \u00a0 \u00a0 \u00a0 \u00a0 \u00a0 \u00a0 \u00a0 \u00a0 \u00a0 \u00a0 \u00a0 4to. Nivel, salones 1 y 2, edificio de Biblioteca Central<\/b><\/p>\n<p><b>Hora:\u00a0\u00a0\u00a0\u00a0\u00a0\u00a0\u00a0\u00a0\u00a0\u00a0\u00a0\u00a0\u00a0\u00a0\u00a0\u00a0\u00a0\u00a0\u00a0\u00a0\u00a0\u00a0\u00a0\u00a0\u00a0 11:00 a 16:00 horas<!--more--><\/b><\/p>\n<p>&nbsp;<\/p>\n<h3>Tema Central:<\/h3>\n<p>&nbsp;<\/p>\n<p align=\"center\"><b>Incorporaci\u00f3n de la Gesti\u00f3n del Desarrollo Seguro y Desastres en la Curricula de la Educaci\u00f3n Superior<\/b><b><\/b><\/p>\n<p>&nbsp;<\/p>\n<p>&nbsp;<\/p>\n<p><b><span style=\"text-decoration: underline;\">Agenda:<\/span><\/b><\/p>\n<p>&nbsp;<\/p>\n<p>09:30 a 10:00\u00a0 \u00a0\u00a0\u00a0\u00a0\u00a0\u00a0\u00a0\u00a0\u00a0\u00a0\u00a0 Registro de participantes<\/p>\n<p>10:00 a 10:20 \u00a0\u00a0\u00a0\u00a0\u00a0\u00a0\u00a0\u00a0\u00a0\u00a0\u00a0 Bienvenida<\/p>\n<p>10:20 a 13:00 \u00a0\u00a0\u00a0\u00a0\u00a0\u00a0\u00a0\u00a0\u00a0\u00a0\u00a0 Panel foro: Incorporaci\u00f3n de la GIRD en la Educaci\u00f3n Superior<\/p>\n<p>-Representante de USAID-OFDA (20 minutos)<\/p>\n<p>-Representante de REDULAC (20 minutos)<\/p>\n<p>-Representante del CSUCA (20 minutos)<\/p>\n<p>&nbsp;<\/p>\n<p>13:00 a 14:00\u00a0 \u00a0\u00a0\u00a0\u00a0\u00a0\u00a0\u00a0\u00a0\u00a0\u00a0\u00a0 Almuerzo<\/p>\n<p>&nbsp;<\/p>\n<p>14:00 a 14:40\u00a0 \u00a0\u00a0\u00a0\u00a0\u00a0\u00a0\u00a0\u00a0\u00a0\u00a0\u00a0 -Victor Garc\u00eda, CEDESYD \u00bfC\u00f3mo construir una universidad segura?<\/p>\n<p>14:40 a 15:30 \u00a0\u00a0\u00a0\u00a0\u00a0\u00a0\u00a0\u00a0\u00a0\u00a0\u00a0 \u2013Trabajo de grupos (Gu\u00eda de trabajo)<\/p>\n<p>15:30 a 16:00\u00a0\u00a0\u00a0\u00a0\u00a0\u00a0\u00a0\u00a0\u00a0\u00a0\u00a0\u00a0 \u2013Plenaria<\/p>\n<p>&nbsp;<\/p>\n<p>Cupo Limitado.<\/p>\n<p>&nbsp;<\/p>\n<p>Preinscripci\u00f3n oficinas del CEDESYD, edificio S-11 3er Nivel oficina 304, Ciudad Universitaria zona 12.<\/p>\n<p><b>\u00a0<a href=\"http:\/\/c2.usac.edu.gt\/cedesyd\/public_html\/wp-content\/uploads\/2014\/09\/invitacion-1er-encuentro-universitarios.jpg\"><img loading=\"lazy\" decoding=\"async\" class=\"aligncenter size-full wp-image-630\" alt=\"invitacion 1er encuentro universitarios\" src=\"http:\/\/c2.usac.edu.gt\/cedesyd\/public_html\/wp-content\/uploads\/2014\/09\/invitacion-1er-encuentro-universitarios.jpg\" width=\"797\" height=\"620\" srcset=\"https:\/\/cedesyd.usac.edu.gt\/wp-content\/uploads\/2014\/09\/invitacion-1er-encuentro-universitarios.jpg 797w, https:\/\/cedesyd.usac.edu.gt\/wp-content\/uploads\/2014\/09\/invitacion-1er-encuentro-universitarios-300x233.jpg 300w, https:\/\/cedesyd.usac.edu.gt\/wp-content\/uploads\/2014\/09\/invitacion-1er-encuentro-universitarios-768x597.jpg 768w\" sizes=\"auto, (max-width: 797px) 100vw, 797px\" \/><\/a><\/b><\/p>\n","protected":false},"excerpt":{"rendered":"<p>\u00a0 \u00a0 \u00a0 \u00a0 \u00a0 \u00a0 \u00a0 \u00a0 \u00a0 \u00a0 \u00a0 \u00a0 \u00a0 \u00a0 \u00a0 \u00a0 \u00a0 \u00a0 \u00a0 \u00a0 \u00a0 \u00a0 \u00a0 \u00a0 \u00a0 \u00a0 \u00a0 \u00a0 \u00a0\u00a0 Primer Encuentro de la Red de Universitarios por la Gesti\u00f3n del Riesgo de Desastres de Am\u00e9rica Latina y el Caribe, REDULAC Cap\u00edtulo Guatemala. \u00a0 \u00a0 Fecha: [&hellip;]<\/p>\n","protected":false},"author":1,"featured_media":588,"comment_status":"open","ping_status":"open","sticky":false,"template":"","format":"standard","meta":{"footnotes":""},"categories":[1],"tags":[],"class_list":{"0":"post-613","1":"post","2":"type-post","3":"status-publish","4":"format-standard","5":"has-post-thumbnail","7":"category-noticias","8":"czr-hentry"},"_links":{"self":[{"href":"https:\/\/cedesyd.usac.edu.gt\/index.php\/wp-json\/wp\/v2\/posts\/613","targetHints":{"allow":["GET"]}}],"collection":[{"href":"https:\/\/cedesyd.usac.edu.gt\/index.php\/wp-json\/wp\/v2\/posts"}],"about":[{"href":"https:\/\/cedesyd.usac.edu.gt\/index.php\/wp-json\/wp\/v2\/types\/post"}],"author":[{"embeddable":true,"href":"https:\/\/cedesyd.usac.edu.gt\/index.php\/wp-json\/wp\/v2\/users\/1"}],"replies":[{"embeddable":true,"href":"https:\/\/cedesyd.usac.edu.gt\/index.php\/wp-json\/wp\/v2\/comments?post=613"}],"version-history":[{"count":0,"href":"https:\/\/cedesyd.usac.edu.gt\/index.php\/wp-json\/wp\/v2\/posts\/613\/revisions"}],"wp:featuredmedia":[{"embeddable":true,"href":"https:\/\/cedesyd.usac.edu.gt\/index.php\/wp-json\/wp\/v2\/media\/588"}],"wp:attachment":[{"href":"https:\/\/cedesyd.usac.edu.gt\/index.php\/wp-json\/wp\/v2\/media?parent=613"}],"wp:term":[{"taxonomy":"category","embeddable":true,"href":"https:\/\/cedesyd.usac.edu.gt\/index.php\/wp-json\/wp\/v2\/categories?post=613"},{"taxonomy":"post_tag","embeddable":true,"href":"https:\/\/cedesyd.usac.edu.gt\/index.php\/wp-json\/wp\/v2\/tags?post=613"}],"curies":[{"name":"wp","href":"https:\/\/api.w.org\/{rel}","templated":true}]}}