{"id":653,"date":"2014-10-09T15:09:14","date_gmt":"2014-10-09T15:09:14","guid":{"rendered":"http:\/\/sitios.usac.edu.gt\/cedesyd\/?p=653"},"modified":"2014-10-09T15:09:14","modified_gmt":"2014-10-09T15:09:14","slug":"primer-encuentro-del-capitulo-redulac-de-paraguay","status":"publish","type":"post","link":"https:\/\/cedesyd.usac.edu.gt\/index.php\/2014\/10\/09\/primer-encuentro-del-capitulo-redulac-de-paraguay\/","title":{"rendered":"Primer Encuentro del Cap\u00edtulo REDULAC de Paraguay"},"content":{"rendered":"<p style=\"text-align: justify;\">Destacada participaci\u00f3n del Doctor Victor Manuel Garc\u00eda Lemus, en el I encuentro del Cap\u00edtulo REDULAC de Paraguay, celebrado en la Universidad de Columbia en Asunci\u00f3n, este 08 de octubre de 2014.\u00a0 Invitado como representante de la Red de Universitarios de Am\u00e9rica Latina y el Caribe -REDULAC-.<!--more--><\/p>\n<p>Su conferencia vers\u00f3 sobre el Rol de REDULAC en la incorporaci\u00f3n de la Gesti\u00f3n Integral del Riesgo de Desastres y la Adaptaci\u00f3n al Cambio Clim\u00e1tico en las Instituciones de Educaci\u00f3n Superior.\u00a0 En el marco de un foro comparti\u00f3 la mesa principal con el representante de USAID\/OFDA, la Directora General de Universidades e Institutos Superiores y el Ministro de la Secretaria de Emergencia Nacional.\u00a0 El principal resultado de esta visita es que en la Mesa Binacional de Alto Nivel se acord\u00f3 desarrollar una investigaci\u00f3n multidisciplinaria que integre la investigaci\u00f3n-docencia-extensi\u00f3n, sobre un tema com\u00fan Paraguay-Guatemala que ser\u00e1 financiada por USAID\/OFDA.<\/p>\n<figure id=\"attachment_654\" aria-describedby=\"caption-attachment-654\" style=\"width: 480px\" class=\"wp-caption aligncenter\"><a href=\"http:\/\/c2.usac.edu.gt\/cedesyd\/public_html\/wp-content\/uploads\/2014\/10\/1383669_698862036858131_2422176367107046797_n.jpg\"><img loading=\"lazy\" decoding=\"async\" class=\"size-full wp-image-654\" alt=\"1383669_698862036858131_2422176367107046797_n\" src=\"http:\/\/c2.usac.edu.gt\/cedesyd\/public_html\/wp-content\/uploads\/2014\/10\/1383669_698862036858131_2422176367107046797_n.jpg\" width=\"480\" height=\"360\" srcset=\"https:\/\/cedesyd.usac.edu.gt\/wp-content\/uploads\/2014\/10\/1383669_698862036858131_2422176367107046797_n.jpg 480w, https:\/\/cedesyd.usac.edu.gt\/wp-content\/uploads\/2014\/10\/1383669_698862036858131_2422176367107046797_n-300x225.jpg 300w\" sizes=\"auto, (max-width: 480px) 100vw, 480px\" \/><\/a><figcaption id=\"caption-attachment-654\" class=\"wp-caption-text\">Dr. Victor Garcia en su destacada participaci\u00f3n en la primera reuni\u00f3n de REDULAC en su capitulo Paraguay.<\/figcaption><\/figure>\n<figure id=\"attachment_655\" aria-describedby=\"caption-attachment-655\" style=\"width: 960px\" class=\"wp-caption aligncenter\"><a href=\"http:\/\/c2.usac.edu.gt\/cedesyd\/public_html\/wp-content\/uploads\/2014\/10\/10411296_698862363524765_7726777368278494178_n.jpg\"><img loading=\"lazy\" decoding=\"async\" class=\"size-full wp-image-655\" title=\" I encuentro del Cap\u00edtulo REDULAC de Paraguay.\" alt=\"10411296_698862363524765_7726777368278494178_n\" src=\"http:\/\/c2.usac.edu.gt\/cedesyd\/public_html\/wp-content\/uploads\/2014\/10\/10411296_698862363524765_7726777368278494178_n.jpg\" width=\"960\" height=\"720\" srcset=\"https:\/\/cedesyd.usac.edu.gt\/wp-content\/uploads\/2014\/10\/10411296_698862363524765_7726777368278494178_n.jpg 960w, https:\/\/cedesyd.usac.edu.gt\/wp-content\/uploads\/2014\/10\/10411296_698862363524765_7726777368278494178_n-300x225.jpg 300w, https:\/\/cedesyd.usac.edu.gt\/wp-content\/uploads\/2014\/10\/10411296_698862363524765_7726777368278494178_n-768x576.jpg 768w\" sizes=\"auto, (max-width: 960px) 100vw, 960px\" \/><\/a><figcaption id=\"caption-attachment-655\" class=\"wp-caption-text\">Miembros REDULAC de Paraguay<\/figcaption><\/figure>\n<p style=\"text-align: center;\">\u00a0 <a href=\"http:\/\/c2.usac.edu.gt\/cedesyd\/public_html\/wp-content\/uploads\/2014\/10\/10625025_698863570191311_2821885912333307222_n.jpg\"><img loading=\"lazy\" decoding=\"async\" class=\"aligncenter size-full wp-image-656\" alt=\"10625025_698863570191311_2821885912333307222_n\" src=\"http:\/\/c2.usac.edu.gt\/cedesyd\/public_html\/wp-content\/uploads\/2014\/10\/10625025_698863570191311_2821885912333307222_n.jpg\" width=\"960\" height=\"720\" srcset=\"https:\/\/cedesyd.usac.edu.gt\/wp-content\/uploads\/2014\/10\/10625025_698863570191311_2821885912333307222_n.jpg 960w, https:\/\/cedesyd.usac.edu.gt\/wp-content\/uploads\/2014\/10\/10625025_698863570191311_2821885912333307222_n-300x225.jpg 300w, https:\/\/cedesyd.usac.edu.gt\/wp-content\/uploads\/2014\/10\/10625025_698863570191311_2821885912333307222_n-768x576.jpg 768w\" sizes=\"auto, (max-width: 960px) 100vw, 960px\" \/><\/a><\/p>\n","protected":false},"excerpt":{"rendered":"<p>Destacada participaci\u00f3n del Doctor Victor Manuel Garc\u00eda Lemus, en el I encuentro del Cap\u00edtulo REDULAC de Paraguay, celebrado en la Universidad de Columbia en Asunci\u00f3n, este 08 de octubre de 2014.\u00a0 Invitado como representante de la Red de Universitarios de Am\u00e9rica Latina y el Caribe -REDULAC-.<\/p>\n","protected":false},"author":1,"featured_media":656,"comment_status":"open","ping_status":"open","sticky":false,"template":"","format":"standard","meta":{"footnotes":""},"categories":[1],"tags":[],"class_list":{"0":"post-653","1":"post","2":"type-post","3":"status-publish","4":"format-standard","5":"has-post-thumbnail","7":"category-noticias","8":"czr-hentry"},"_links":{"self":[{"href":"https:\/\/cedesyd.usac.edu.gt\/index.php\/wp-json\/wp\/v2\/posts\/653","targetHints":{"allow":["GET"]}}],"collection":[{"href":"https:\/\/cedesyd.usac.edu.gt\/index.php\/wp-json\/wp\/v2\/posts"}],"about":[{"href":"https:\/\/cedesyd.usac.edu.gt\/index.php\/wp-json\/wp\/v2\/types\/post"}],"author":[{"embeddable":true,"href":"https:\/\/cedesyd.usac.edu.gt\/index.php\/wp-json\/wp\/v2\/users\/1"}],"replies":[{"embeddable":true,"href":"https:\/\/cedesyd.usac.edu.gt\/index.php\/wp-json\/wp\/v2\/comments?post=653"}],"version-history":[{"count":0,"href":"https:\/\/cedesyd.usac.edu.gt\/index.php\/wp-json\/wp\/v2\/posts\/653\/revisions"}],"wp:featuredmedia":[{"embeddable":true,"href":"https:\/\/cedesyd.usac.edu.gt\/index.php\/wp-json\/wp\/v2\/media\/656"}],"wp:attachment":[{"href":"https:\/\/cedesyd.usac.edu.gt\/index.php\/wp-json\/wp\/v2\/media?parent=653"}],"wp:term":[{"taxonomy":"category","embeddable":true,"href":"https:\/\/cedesyd.usac.edu.gt\/index.php\/wp-json\/wp\/v2\/categories?post=653"},{"taxonomy":"post_tag","embeddable":true,"href":"https:\/\/cedesyd.usac.edu.gt\/index.php\/wp-json\/wp\/v2\/tags?post=653"}],"curies":[{"name":"wp","href":"https:\/\/api.w.org\/{rel}","templated":true}]}}