{"id":701,"date":"2014-11-13T16:17:32","date_gmt":"2014-11-13T16:17:32","guid":{"rendered":"http:\/\/sitios.usac.edu.gt\/cedesyd\/?p=701"},"modified":"2014-11-13T16:17:32","modified_gmt":"2014-11-13T16:17:32","slug":"ii-foro-latinoamericano-de-reduccion-del-riesgo-de-desastres-en-la-educacion-superior","status":"publish","type":"post","link":"https:\/\/cedesyd.usac.edu.gt\/index.php\/2014\/11\/13\/ii-foro-latinoamericano-de-reduccion-del-riesgo-de-desastres-en-la-educacion-superior\/","title":{"rendered":"II Foro Latinoamericano de Reducci\u00f3n del Riesgo de Desastres en la Educaci\u00f3n Superior"},"content":{"rendered":"<h1><b>Segundo Foro Regional sobre RRD en la Educaci\u00f3n Superior<\/b><\/h1>\n<p><a href=\"http:\/\/c2.usac.edu.gt\/cedesyd\/public_html\/wp-content\/uploads\/2014\/11\/cintillo_IIForo_Spanish2.jpg\"><img loading=\"lazy\" decoding=\"async\" class=\"aligncenter size-full wp-image-707\" alt=\"cintillo_IIForo_Spanish2\" src=\"http:\/\/c2.usac.edu.gt\/cedesyd\/public_html\/wp-content\/uploads\/2014\/11\/cintillo_IIForo_Spanish2.jpg\" width=\"697\" height=\"190\" srcset=\"https:\/\/cedesyd.usac.edu.gt\/wp-content\/uploads\/2014\/11\/cintillo_IIForo_Spanish2.jpg 697w, https:\/\/cedesyd.usac.edu.gt\/wp-content\/uploads\/2014\/11\/cintillo_IIForo_Spanish2-300x82.jpg 300w\" sizes=\"auto, (max-width: 697px) 100vw, 697px\" \/><\/a><\/p>\n<p>Reconociendo el importante rol que las instituciones de educaci\u00f3n superior tienen en el potencial de preparaci\u00f3n, respuesta y recuperaci\u00f3n de los pa\u00edses de Am\u00e9rica Latina y El Caribe,<!--more--> USAID\/OFDA y la Estrategia Internacional para la Reducci\u00f3n de Desastre de las Naciones Unidas est\u00e1n patrocinando el Segundo Foro Regional Latinoamericano de Reducci\u00f3n del Riesgo de Desastres (RRD) en la Educaci\u00f3n Superior, organizado por la Red Universitaria de Am\u00e9rica Latina y El Caribe para la Reducci\u00f3n de Riesgos de Desastres (REDULAC). El foro se realizar\u00e1 en Bogot\u00e1, Colombia, del 24 al 26 de noviembre. Se espera la asistencia de unos 160 participantes de 20 pa\u00edses, incluyendo miembros de los cap\u00edtulos nacionales de REDULAC, autoridades de universidades de la regi\u00f3n y de los Estados Unidos, representantes de los sistemas nacionales de emergencia, y organizaciones internacionales como la Cruz Roja.<\/p>\n<p>Al igual que con el primer foro, que se realiz\u00f3 en la capital de Panam\u00e1, en agosto del 2012, expertos en RRD y profesores universitarios presentar\u00e1n sobre experiencias en investigaci\u00f3n y lecciones aprendidas durante la incorporaci\u00f3n de la RRD en las instituciones de educaci\u00f3n superior y los planes estudio, incluyendo carreras, acci\u00f3n social, extensi\u00f3n educativa y actividades de RRD en la comunidad. Discusiones grupales seguir\u00e1n a los paneles diarios con expertos en la materia, permitiendo a los participantes explorar con profundidad temas espec\u00edficos de gesti\u00f3n de riesgo y manejo de desastres, as\u00ed como formar comunidades de pr\u00e1ctica dentro de las redes universitarias.<\/p>\n<p>El evento, de tres d\u00edas, ser\u00e1 transmitido en vivo por Internet tanto en ingl\u00e9s como en espa\u00f1ol, y se anticipa que unos 1.500 o m\u00e1s espectadores tendr\u00e1n la oportunidad de participar en sesiones simult\u00e1neas de preguntas y respuestas con los participantes presenciales. Por lo menos 35 universidades y otras instituciones de educaci\u00f3n superior, as\u00ed como numerosas agencias de respuesta ante emergencias, participaron en el foro virtual del 2012, expandiendo diez veces el alcance del evento.<\/p>\n<p>Para mayor informaci\u00f3n, escriba al correo electr\u00f3nico\u00a0<a href=\"mailto:fororegional@redulac.net\"><b><i>fororegional@redulac.net<\/i><\/b><\/a>.<\/p>\n<p>&nbsp;<\/p>\n<h4><span style=\"color: #99cc00;\">Link de registro para participar en el foro: <\/span><a title=\"Registro para participaci\u00f3n en el foro\" href=\"https:\/\/docs.google.com\/forms\/d\/15641EP2G9DC_185Hqg9B8S3oROqUneOAgZiR3TzLPEw\/viewform?c=0&amp;w=1\">\u00a0https:\/\/docs.google.com\/forms\/d\/15641EP2G9DC_185Hqg9B8S3oROqUneOAgZiR3TzLPEw\/viewform?c=0&amp;w=1<\/a><\/h4>\n<p>&nbsp;<\/p>\n<p><a href=\"http:\/\/c2.usac.edu.gt\/cedesyd\/public_html\/wp-content\/uploads\/2014\/11\/Afiche-REDULAC-01-01.jpg\"><img loading=\"lazy\" decoding=\"async\" class=\"aligncenter size-full wp-image-702\" alt=\"Invitaci\u00f3n Foro Virtual\" src=\"http:\/\/c2.usac.edu.gt\/cedesyd\/public_html\/wp-content\/uploads\/2014\/11\/Afiche-REDULAC-01-01.jpg\" width=\"2550\" height=\"3300\" srcset=\"https:\/\/cedesyd.usac.edu.gt\/wp-content\/uploads\/2014\/11\/Afiche-REDULAC-01-01.jpg 2550w, https:\/\/cedesyd.usac.edu.gt\/wp-content\/uploads\/2014\/11\/Afiche-REDULAC-01-01-232x300.jpg 232w, https:\/\/cedesyd.usac.edu.gt\/wp-content\/uploads\/2014\/11\/Afiche-REDULAC-01-01-768x994.jpg 768w, https:\/\/cedesyd.usac.edu.gt\/wp-content\/uploads\/2014\/11\/Afiche-REDULAC-01-01-791x1024.jpg 791w, https:\/\/cedesyd.usac.edu.gt\/wp-content\/uploads\/2014\/11\/Afiche-REDULAC-01-01-1200x1553.jpg 1200w\" sizes=\"auto, (max-width: 2550px) 100vw, 2550px\" \/><\/a><\/p>\n","protected":false},"excerpt":{"rendered":"<p>Segundo Foro Regional sobre RRD en la Educaci\u00f3n Superior Reconociendo el importante rol que las instituciones de educaci\u00f3n superior tienen en el potencial de preparaci\u00f3n, respuesta y recuperaci\u00f3n de los pa\u00edses de Am\u00e9rica Latina y El Caribe,<\/p>\n","protected":false},"author":1,"featured_media":707,"comment_status":"open","ping_status":"open","sticky":false,"template":"","format":"standard","meta":{"footnotes":""},"categories":[1],"tags":[16,23,27,31,35,51,52,64,68],"class_list":{"0":"post-701","1":"post","2":"type-post","3":"status-publish","4":"format-standard","5":"has-post-thumbnail","7":"category-noticias","8":"tag-cedesyd","9":"tag-desastres","10":"tag-educacion-superior","11":"tag-foro","12":"tag-guatemala","13":"tag-redulac-2","14":"tag-reisgo","15":"tag-usac","16":"tag-virtual","17":"czr-hentry"},"_links":{"self":[{"href":"https:\/\/cedesyd.usac.edu.gt\/index.php\/wp-json\/wp\/v2\/posts\/701","targetHints":{"allow":["GET"]}}],"collection":[{"href":"https:\/\/cedesyd.usac.edu.gt\/index.php\/wp-json\/wp\/v2\/posts"}],"about":[{"href":"https:\/\/cedesyd.usac.edu.gt\/index.php\/wp-json\/wp\/v2\/types\/post"}],"author":[{"embeddable":true,"href":"https:\/\/cedesyd.usac.edu.gt\/index.php\/wp-json\/wp\/v2\/users\/1"}],"replies":[{"embeddable":true,"href":"https:\/\/cedesyd.usac.edu.gt\/index.php\/wp-json\/wp\/v2\/comments?post=701"}],"version-history":[{"count":0,"href":"https:\/\/cedesyd.usac.edu.gt\/index.php\/wp-json\/wp\/v2\/posts\/701\/revisions"}],"wp:featuredmedia":[{"embeddable":true,"href":"https:\/\/cedesyd.usac.edu.gt\/index.php\/wp-json\/wp\/v2\/media\/707"}],"wp:attachment":[{"href":"https:\/\/cedesyd.usac.edu.gt\/index.php\/wp-json\/wp\/v2\/media?parent=701"}],"wp:term":[{"taxonomy":"category","embeddable":true,"href":"https:\/\/cedesyd.usac.edu.gt\/index.php\/wp-json\/wp\/v2\/categories?post=701"},{"taxonomy":"post_tag","embeddable":true,"href":"https:\/\/cedesyd.usac.edu.gt\/index.php\/wp-json\/wp\/v2\/tags?post=701"}],"curies":[{"name":"wp","href":"https:\/\/api.w.org\/{rel}","templated":true}]}}